{"id":1013,"date":"2019-01-14T11:48:30","date_gmt":"2019-01-14T11:48:30","guid":{"rendered":"http:\/\/erf.untz.ba\/web\/?p=1013"},"modified":"2019-01-14T11:48:30","modified_gmt":"2019-01-14T11:48:30","slug":"studenti-iv-godine-erf-a-odrzali-edukativne-radionice-u-ksc-sveti-franjo","status":"publish","type":"post","link":"http:\/\/erf.untz.ba\/web\/studenti-iv-godine-erf-a-odrzali-edukativne-radionice-u-ksc-sveti-franjo\/","title":{"rendered":"Studenti IV godine ERF-a odr\u017eali edukativne radionice u K\u0160C &#8220;Sveti Franjo&#8221;"},"content":{"rendered":"<h3 style=\"text-align: justify;\"><a href=\"http:\/\/erf.untz.ba\/web\/wp-content\/uploads\/2019\/01\/Slika-2.jpg\"><img loading=\"lazy\" class=\"size-medium wp-image-1012 alignleft\" src=\"http:\/\/erf.untz.ba\/web\/wp-content\/uploads\/2019\/01\/Slika-2-225x300.jpg\" alt=\"\" width=\"225\" height=\"300\" srcset=\"http:\/\/erf.untz.ba\/web\/wp-content\/uploads\/2019\/01\/Slika-2-225x300.jpg 225w, http:\/\/erf.untz.ba\/web\/wp-content\/uploads\/2019\/01\/Slika-2-203x270.jpg 203w, http:\/\/erf.untz.ba\/web\/wp-content\/uploads\/2019\/01\/Slika-2.jpg 240w\" sizes=\"(max-width: 225px) 100vw, 225px\" \/><\/a>Povodom Dana dje\u010dijih prava i Dana osoba sa invaliditetom, tokom mjeseca decembra, grupa studenata IV godine Edukacijsko-rehabilitacijskog fakulteta, Odsjek Specijalna edukacija i rehabilitacija, pod mentorstvom prof. dr. sci. Amele Teskered\u017ei\u0107 i MA. Hurme Begi\u0107 Jahi\u0107, vi\u0161e asistentice., odr\u017eali su radionice za u\u010denike zavr\u0161nih razreda Katoli\u010dkog \u0161kolskog centara &#8220;Sv. Franjo&#8221; u Tuzli.<br \/>\nRadionice su prije svega imale za cilj osvijestiti i senzibilizirati mlade ljude o prisustvu i problemima djece i osoba sa invaliditetom u dru\u0161tvenoj zajednici, te informisati i upoznati budu\u0107e studente sa zanimanjem i mogu\u0107nostima studiranja na Edukacijsko-rehabilitacijskom fakultetu Univerzitet u Tuzli.<br \/>\nNakon kratke prezentacije o fakultetu, radionice su bile fokusirane na arhitektonske barijere u zatvorenom i otvorenom prostoru, te Bonton u komunikaciji sa osobama o\u0161te\u0107ena vida.<br \/>\nMenad\u017ement i zaposlenici ove \u0161kole su pokazali spremnost i otvorenost za saradnju sa na\u0161im fakultetom, na \u010demu im se ovom prilikom i zahvaljujemo.<\/h3>\n","protected":false},"excerpt":{"rendered":"<p>Povodom Dana dje\u010dijih prava i Dana osoba sa invaliditetom, tokom mjeseca decembra, grupa studenata IV godine Edukacijsko-rehabilitacijskog fakulteta, Odsjek Specijalna edukacija i rehabilitacija, pod mentorstvom prof. dr. sci. Amele Teskered\u017ei\u0107 i MA. Hurme Begi\u0107 Jahi\u0107, vi\u0161e asistentice., odr\u017eali su radionice za u\u010denike zavr\u0161nih razreda Katoli\u010dkog \u0161kolskog centara &#8220;Sv. Franjo&#8221; u Tuzli. Radionice su prije svega imale za <a href=\"http:\/\/erf.untz.ba\/web\/studenti-iv-godine-erf-a-odrzali-edukativne-radionice-u-ksc-sveti-franjo\/\" class=\"read-more\">Vi\u0161e&#8230;<\/a><\/p>\n","protected":false},"author":2,"featured_media":0,"comment_status":"open","ping_status":"open","sticky":false,"template":"","format":"standard","meta":[],"categories":[3],"tags":[],"_links":{"self":[{"href":"http:\/\/erf.untz.ba\/web\/wp-json\/wp\/v2\/posts\/1013"}],"collection":[{"href":"http:\/\/erf.untz.ba\/web\/wp-json\/wp\/v2\/posts"}],"about":[{"href":"http:\/\/erf.untz.ba\/web\/wp-json\/wp\/v2\/types\/post"}],"author":[{"embeddable":true,"href":"http:\/\/erf.untz.ba\/web\/wp-json\/wp\/v2\/users\/2"}],"replies":[{"embeddable":true,"href":"http:\/\/erf.untz.ba\/web\/wp-json\/wp\/v2\/comments?post=1013"}],"version-history":[{"count":0,"href":"http:\/\/erf.untz.ba\/web\/wp-json\/wp\/v2\/posts\/1013\/revisions"}],"wp:attachment":[{"href":"http:\/\/erf.untz.ba\/web\/wp-json\/wp\/v2\/media?parent=1013"}],"wp:term":[{"taxonomy":"category","embeddable":true,"href":"http:\/\/erf.untz.ba\/web\/wp-json\/wp\/v2\/categories?post=1013"},{"taxonomy":"post_tag","embeddable":true,"href":"http:\/\/erf.untz.ba\/web\/wp-json\/wp\/v2\/tags?post=1013"}],"curies":[{"name":"wp","href":"https:\/\/api.w.org\/{rel}","templated":true}]}}