{"id":1093,"date":"2019-03-19T13:53:21","date_gmt":"2019-03-19T13:53:21","guid":{"rendered":"http:\/\/erf.untz.ba\/web\/?p=1093"},"modified":"2019-03-19T14:07:23","modified_gmt":"2019-03-19T14:07:23","slug":"poziv-na-obiljezavanje-svjetskog-dana-osoba-sa-down-sindromom","status":"publish","type":"post","link":"http:\/\/erf.untz.ba\/web\/poziv-na-obiljezavanje-svjetskog-dana-osoba-sa-down-sindromom\/","title":{"rendered":"Poziv na obilje\u017eavanje Svjetskog dana osoba sa Down sindromom"},"content":{"rendered":"<h3>Po\u0161tovani maturanti,<\/h3>\n<h3 style=\"text-align: justify;\">Studenti prve i tre\u0107e godine Edukacijsko-rehabilitacijskog fakulteta u sklopu predmeta \u201eVolonterizam\u201c i \u201eOsobe sa Down sindromom\u201c koji se slu\u0161aju kod prof.dr.Milene Nikoli\u0107 i doc.dr.Senada Mehmedinovi\u0107 u\u010destvovat \u0107e u organizaciji obilje\u017eavanja Svjetskog dana osoba sa Down sindromom. Ovom prilikom vas pozivamo da zajedno sa nama pru\u017eite podr\u0161ku populaciji osoba sa Down sindromom i obujete \u0161arene \u010darape,a mjesto doga\u0111anja je kod spomenika Ismeta Mujezinovi\u0107a\u00a0\u00a0i Me\u0161e Selimovi\u0107a u 11,00 sati.<br \/>\nOvo je ujedno i prilika da se upoznate sa studijskim programima koji se izu\u010davaju na Edukacijsko-rehabilitacijskom fakultetu Univerziteta u Tuzli.<br \/>\nOrganizator aktivnosti je Zavod za odgoj i obrazovanje osoba sa smetnjama u psihi\u010dkom i tjelesnom razvoju Tuzla.<br \/>\nSa rado\u0161\u0107u vas o\u010dekujemo!<\/h3>\n<p><iframe loading=\"lazy\"  id=\"_ytid_89329\" width=\"847\" height=\"476\" src=\"https:\/\/www.youtube.com\/embed\/kFioqxJgMXI?enablejsapi=1&#038;autoplay=0&#038;cc_load_policy=0&#038;iv_load_policy=1&#038;loop=0&#038;modestbranding=0&#038;rel=1&#038;showinfo=1&#038;fs=1&#038;playsinline=0&#038;controls=2&#038;autohide=2&#038;theme=dark&#038;color=red&#038;\" class=\"__youtube_prefs__\" title=\"YouTube player\"  allowfullscreen data-no-lazy=\"1\" data-skipgform_ajax_framebjll=\"\"><\/iframe><\/p>\n","protected":false},"excerpt":{"rendered":"<p>Po\u0161tovani maturanti, Studenti prve i tre\u0107e godine Edukacijsko-rehabilitacijskog fakulteta u sklopu predmeta \u201eVolonterizam\u201c i \u201eOsobe sa Down sindromom\u201c koji se slu\u0161aju kod prof.dr.Milene Nikoli\u0107 i doc.dr.Senada Mehmedinovi\u0107 u\u010destvovat \u0107e u organizaciji obilje\u017eavanja Svjetskog dana osoba sa Down sindromom. Ovom prilikom vas pozivamo da zajedno sa nama pru\u017eite podr\u0161ku populaciji osoba sa Down sindromom i obujete \u0161arene \u010darape,a <a href=\"http:\/\/erf.untz.ba\/web\/poziv-na-obiljezavanje-svjetskog-dana-osoba-sa-down-sindromom\/\" class=\"read-more\">Vi\u0161e&#8230;<\/a><\/p>\n","protected":false},"author":2,"featured_media":0,"comment_status":"open","ping_status":"open","sticky":false,"template":"","format":"video","meta":[],"categories":[4],"tags":[],"_links":{"self":[{"href":"http:\/\/erf.untz.ba\/web\/wp-json\/wp\/v2\/posts\/1093"}],"collection":[{"href":"http:\/\/erf.untz.ba\/web\/wp-json\/wp\/v2\/posts"}],"about":[{"href":"http:\/\/erf.untz.ba\/web\/wp-json\/wp\/v2\/types\/post"}],"author":[{"embeddable":true,"href":"http:\/\/erf.untz.ba\/web\/wp-json\/wp\/v2\/users\/2"}],"replies":[{"embeddable":true,"href":"http:\/\/erf.untz.ba\/web\/wp-json\/wp\/v2\/comments?post=1093"}],"version-history":[{"count":0,"href":"http:\/\/erf.untz.ba\/web\/wp-json\/wp\/v2\/posts\/1093\/revisions"}],"wp:attachment":[{"href":"http:\/\/erf.untz.ba\/web\/wp-json\/wp\/v2\/media?parent=1093"}],"wp:term":[{"taxonomy":"category","embeddable":true,"href":"http:\/\/erf.untz.ba\/web\/wp-json\/wp\/v2\/categories?post=1093"},{"taxonomy":"post_tag","embeddable":true,"href":"http:\/\/erf.untz.ba\/web\/wp-json\/wp\/v2\/tags?post=1093"}],"curies":[{"name":"wp","href":"https:\/\/api.w.org\/{rel}","templated":true}]}}