{"id":1208,"date":"2019-04-24T09:38:17","date_gmt":"2019-04-24T09:38:17","guid":{"rendered":"http:\/\/erf.untz.ba\/web\/?p=1208"},"modified":"2019-04-24T09:40:42","modified_gmt":"2019-04-24T09:40:42","slug":"elementor-1208","status":"publish","type":"post","link":"http:\/\/erf.untz.ba\/web\/elementor-1208\/","title":{"rendered":"Kabinet Rektora: Obavje\u0161tenje za zaposlenike"},"content":{"rendered":"\t\t<div data-elementor-type=\"post\" data-elementor-id=\"1208\" class=\"elementor elementor-1208\" data-elementor-settings=\"[]\">\n\t\t\t<div class=\"elementor-inner\">\n\t\t\t\t<div class=\"elementor-section-wrap\">\n\t\t\t\t\t\t\t<section class=\"elementor-element elementor-element-5fcbd9d9 elementor-section-content-middle elementor-section-boxed elementor-section-height-default elementor-section-height-default elementor-section elementor-top-section\" data-id=\"5fcbd9d9\" data-element_type=\"section\">\n\t\t\t\t\t\t<div class=\"elementor-container elementor-column-gap-no\">\n\t\t\t\t<div class=\"elementor-row\">\n\t\t\t\t<div class=\"elementor-element elementor-element-527cb6a7 elementor-column elementor-col-100 elementor-top-column\" data-id=\"527cb6a7\" data-element_type=\"column\">\n\t\t\t<div class=\"elementor-column-wrap  elementor-element-populated\">\n\t\t\t\t\t<div class=\"elementor-widget-wrap\">\n\t\t\t\t<div class=\"elementor-element elementor-element-66578b9a elementor-invisible elementor-widget elementor-widget-heading\" data-id=\"66578b9a\" data-element_type=\"widget\" data-settings=\"{&quot;_animation&quot;:&quot;lightSpeedIn&quot;,&quot;_animation_delay&quot;:500}\" data-widget_type=\"heading.default\">\n\t\t\t\t<div class=\"elementor-widget-container\">\n\t\t\t<h4 class=\"elementor-heading-title elementor-size-small\">OBAVJE\u0160TENJE ZA ZAPOSLENIKE<\/h4>\t\t<\/div>\n\t\t\t\t<\/div>\n\t\t\t\t<div class=\"elementor-element elementor-element-1a080349 elementor-invisible elementor-widget elementor-widget-text-editor\" data-id=\"1a080349\" data-element_type=\"widget\" data-settings=\"{&quot;_animation&quot;:&quot;fadeInDown&quot;}\" data-widget_type=\"text-editor.default\">\n\t\t\t\t<div class=\"elementor-widget-container\">\n\t\t\t\t\t<div class=\"elementor-text-editor elementor-clearfix\"><p style=\"text-align: justify;\"><span style=\"font-size: 14pt;\"><strong>Po\u0161tovani,<\/strong><\/span><\/p><p style=\"text-align: justify;\"><span style=\"font-size: 14pt;\"><strong>Obavje\u0161tavamo vas da \u0107e se spajanje 03.05.2019.godine s prvomajskim praznikom, odraditi na dan 27.04.2019.godine u subotu, na na\u010din kako slijedi:<\/strong><\/span><\/p><p style=\"text-align: justify;\"><span style=\"font-size: 14pt;\"><strong>1. nau\u010dno-nastavno osoblje koje bi imalo nastavne aktivnosti, utvr\u0111ene rasporedom predavanja i vje\u017ebi na dan 03.05.2019.godine, realizirat \u0107e radne aktivnosti u subotu 27.04.2019.godine o \u010demu je potrebno blagovremeno obavijestiti studente;<\/strong><\/span><\/p><p style=\"text-align: justify;\"><span style=\"font-size: 14pt;\"><strong>2. akademsko osoblje koje prema rasporedu nastave nemaju nastavne aktivnosti u petak 03.05.2019.godine, kao i svo administrativno, stru\u010dno i tehni\u010dko osoblje, radni dan \u0107e obaviti u Kampusu Univerziteta u Tuzli, radnom akcijom povodom obilje\u017eavanja \u201eDana planete zemlje\u201c, u subotu 27.04.2019.godine s po\u010detkom u 10 sati;<\/strong><\/span><\/p><p style=\"text-align: justify;\"><span style=\"font-size: 14pt;\"><strong>3. zaposlenici pravoslavne vjeroispovijesti koji \u017eele da na dan 27.04.2019.godine obilje\u017ee svoje vjerske potrebe nadoknadu za 03.05.2019.godine, obavit \u0107e u subotu 11.05.2019.godine.<\/strong><\/span><\/p><p style=\"text-align: justify;\"><span style=\"font-size: 14pt;\"><strong>S po\u0161tovanjem,<\/strong><\/span><\/p><p><span style=\"font-size: 14pt;\"><strong>Kabinet Rektora<\/strong><\/span><\/p><\/div>\n\t\t\t\t<\/div>\n\t\t\t\t<\/div>\n\t\t\t\t\t\t<\/div>\n\t\t\t<\/div>\n\t\t<\/div>\n\t\t\t\t\t\t<\/div>\n\t\t\t<\/div>\n\t\t<\/section>\n\t\t\t\t\t\t<\/div>\n\t\t\t<\/div>\n\t\t<\/div>\n\t\t","protected":false},"excerpt":{"rendered":"<p>OBAVJE\u0160TENJE ZA ZAPOSLENIKE Po\u0161tovani, Obavje\u0161tavamo vas da \u0107e se spajanje 03.05.2019.godine s prvomajskim praznikom, odraditi na dan 27.04.2019.godine u subotu, na na\u010din kako slijedi: 1. nau\u010dno-nastavno osoblje koje bi imalo nastavne aktivnosti, utvr\u0111ene rasporedom predavanja i vje\u017ebi na dan 03.05.2019.godine, realizirat \u0107e radne aktivnosti u subotu 27.04.2019.godine o \u010demu je potrebno blagovremeno obavijestiti studente; 2. akademsko osoblje <a href=\"http:\/\/erf.untz.ba\/web\/elementor-1208\/\" class=\"read-more\">Vi\u0161e&#8230;<\/a><\/p>\n","protected":false},"author":2,"featured_media":0,"comment_status":"open","ping_status":"open","sticky":false,"template":"","format":"standard","meta":[],"categories":[1],"tags":[],"_links":{"self":[{"href":"http:\/\/erf.untz.ba\/web\/wp-json\/wp\/v2\/posts\/1208"}],"collection":[{"href":"http:\/\/erf.untz.ba\/web\/wp-json\/wp\/v2\/posts"}],"about":[{"href":"http:\/\/erf.untz.ba\/web\/wp-json\/wp\/v2\/types\/post"}],"author":[{"embeddable":true,"href":"http:\/\/erf.untz.ba\/web\/wp-json\/wp\/v2\/users\/2"}],"replies":[{"embeddable":true,"href":"http:\/\/erf.untz.ba\/web\/wp-json\/wp\/v2\/comments?post=1208"}],"version-history":[{"count":0,"href":"http:\/\/erf.untz.ba\/web\/wp-json\/wp\/v2\/posts\/1208\/revisions"}],"wp:attachment":[{"href":"http:\/\/erf.untz.ba\/web\/wp-json\/wp\/v2\/media?parent=1208"}],"wp:term":[{"taxonomy":"category","embeddable":true,"href":"http:\/\/erf.untz.ba\/web\/wp-json\/wp\/v2\/categories?post=1208"},{"taxonomy":"post_tag","embeddable":true,"href":"http:\/\/erf.untz.ba\/web\/wp-json\/wp\/v2\/tags?post=1208"}],"curies":[{"name":"wp","href":"https:\/\/api.w.org\/{rel}","templated":true}]}}