{"id":1323,"date":"2019-08-29T09:07:30","date_gmt":"2019-08-29T09:07:30","guid":{"rendered":"http:\/\/erf.untz.ba\/web\/?p=1323"},"modified":"2019-08-29T09:07:56","modified_gmt":"2019-08-29T09:07:56","slug":"logopedska-aplikacija","status":"publish","type":"post","link":"http:\/\/erf.untz.ba\/web\/logopedska-aplikacija\/","title":{"rendered":"Logopedska aplikacija"},"content":{"rendered":"<p><a href=\"http:\/\/erf.untz.ba\/web\/wp-content\/uploads\/2019\/03\/mirela-455.jpg\"><img loading=\"lazy\" class=\"aligncenter size-full wp-image-1082\" src=\"http:\/\/erf.untz.ba\/web\/wp-content\/uploads\/2019\/03\/mirela-455.jpg\" alt=\"\" width=\"222\" height=\"77\" \/><\/a><\/p>\n<p>&nbsp;<\/p>\n<h3 style=\"text-align: justify;\">Logopedska aplikacija je kreirana kao jedna od aktivnosti u okviru Erasmus+ projekta \u201eAssisting Better Communication\u201c koji finansira Evropska u cilju unapre\u0111enje prakti\u010dnog rada logopeda. Logopedska aplikacija je online dostupna. Svaki korisnik \u0107e imati svoj profil, pri \u010demu se mora registrovati i dobiti svoje korisni\u010dko ime i \u0161ifru. Sama aplikacija sadr\u017ei dio koji omogu\u0107ava unos anamnesti\u010dkih podataka za svakog klijenta i taj dio je zaklju\u010dan i vidljiv samo korisniku koji je unio te podatke. Korisik je u mogu\u0107nosti da za svakog klijenta ima poseban obrazac u koji unosi podatke. Navedeni podaci se pohranjuju i mogu\u0107e ih je mijenjati i unositi nove podatke. Drugi dio sadr\u017ei planer u koje korisnik mo\u017ee unostiti svoje obaveze, odnosno plan rada sa klijentima prema datumima. Klikom na pacijenta u planeru otvorit \u0107e se obrazac sa njegovim podacima. Tre\u0107i je dio u koji se uploaduje materijal za rad sa klijentima. Navedeni dio je organizovan prema sekcijama (percepcija, flash card, brojevi, slova itd). Materijal se uploaduje u pdf-u. Svi korisnici imaji pristup navedenom dijelu koji \u0107e biti otvoren za sve koji su se prijavili i svi \u0107e imati mogu\u0107nost da koriste sve unesene materijale i da uploaduju materijale.<\/h3>\n<h3 style=\"text-align: center;\">Logopedska aplikacija je dostupna klikom na\u00a0ikonu<\/h3>\n<p><a href=\"http:\/\/logoped.erf.untz.ba\/auth\/login\"><img loading=\"lazy\" class=\"aligncenter wp-image-1325 size-large\" src=\"http:\/\/erf.untz.ba\/web\/wp-content\/uploads\/2019\/08\/Logoped-aplikacija-1024x486.jpg\" alt=\"\" width=\"640\" height=\"304\" srcset=\"http:\/\/erf.untz.ba\/web\/wp-content\/uploads\/2019\/08\/Logoped-aplikacija-1024x486.jpg 1024w, http:\/\/erf.untz.ba\/web\/wp-content\/uploads\/2019\/08\/Logoped-aplikacija-300x142.jpg 300w, http:\/\/erf.untz.ba\/web\/wp-content\/uploads\/2019\/08\/Logoped-aplikacija-768x364.jpg 768w, http:\/\/erf.untz.ba\/web\/wp-content\/uploads\/2019\/08\/Logoped-aplikacija-360x171.jpg 360w, http:\/\/erf.untz.ba\/web\/wp-content\/uploads\/2019\/08\/Logoped-aplikacija.jpg 1316w\" sizes=\"(max-width: 640px) 100vw, 640px\" \/><\/a><\/p>\n<p>&nbsp;<\/p>\n","protected":false},"excerpt":{"rendered":"<p>&nbsp; Logopedska aplikacija je kreirana kao jedna od aktivnosti u okviru Erasmus+ projekta \u201eAssisting Better Communication\u201c koji finansira Evropska u cilju unapre\u0111enje prakti\u010dnog rada logopeda. Logopedska aplikacija je online dostupna. Svaki korisnik \u0107e imati svoj profil, pri \u010demu se mora registrovati i dobiti svoje korisni\u010dko ime i \u0161ifru. Sama aplikacija sadr\u017ei dio koji omogu\u0107ava unos anamnesti\u010dkih podataka <a href=\"http:\/\/erf.untz.ba\/web\/logopedska-aplikacija\/\" class=\"read-more\">Vi\u0161e&#8230;<\/a><\/p>\n","protected":false},"author":2,"featured_media":0,"comment_status":"open","ping_status":"open","sticky":false,"template":"","format":"standard","meta":[],"categories":[4,3],"tags":[],"_links":{"self":[{"href":"http:\/\/erf.untz.ba\/web\/wp-json\/wp\/v2\/posts\/1323"}],"collection":[{"href":"http:\/\/erf.untz.ba\/web\/wp-json\/wp\/v2\/posts"}],"about":[{"href":"http:\/\/erf.untz.ba\/web\/wp-json\/wp\/v2\/types\/post"}],"author":[{"embeddable":true,"href":"http:\/\/erf.untz.ba\/web\/wp-json\/wp\/v2\/users\/2"}],"replies":[{"embeddable":true,"href":"http:\/\/erf.untz.ba\/web\/wp-json\/wp\/v2\/comments?post=1323"}],"version-history":[{"count":0,"href":"http:\/\/erf.untz.ba\/web\/wp-json\/wp\/v2\/posts\/1323\/revisions"}],"wp:attachment":[{"href":"http:\/\/erf.untz.ba\/web\/wp-json\/wp\/v2\/media?parent=1323"}],"wp:term":[{"taxonomy":"category","embeddable":true,"href":"http:\/\/erf.untz.ba\/web\/wp-json\/wp\/v2\/categories?post=1323"},{"taxonomy":"post_tag","embeddable":true,"href":"http:\/\/erf.untz.ba\/web\/wp-json\/wp\/v2\/tags?post=1323"}],"curies":[{"name":"wp","href":"https:\/\/api.w.org\/{rel}","templated":true}]}}