{"id":1357,"date":"2019-09-19T13:20:37","date_gmt":"2019-09-19T13:20:37","guid":{"rendered":"http:\/\/erf.untz.ba\/web\/?p=1357"},"modified":"2019-09-19T13:20:37","modified_gmt":"2019-09-19T13:20:37","slug":"odluka-o-kalendaru-organizacije-i-realizacije-nastave-i-ispita-za-akademsku-201920-godinu","status":"publish","type":"post","link":"http:\/\/erf.untz.ba\/web\/odluka-o-kalendaru-organizacije-i-realizacije-nastave-i-ispita-za-akademsku-201920-godinu\/","title":{"rendered":"ODLUKA o kalendaru organizacije i realizacije nastave i ispita za akademsku 2019\/20. godinu"},"content":{"rendered":"<h3 style=\"text-align: justify;\">Na osnovu \u010dlana 60. stav 1. ta\u010dka a) Zakona o visokom obrazovanju (&#8220;Slu\u017ebene novine TK&#8221; broj 7\/16), a u vezi sa \u010dlanom 106. stavovi (6), (9) i (10), \u010dlanom 107. stav (2) i \u010dlanom 126. istog Zakona, te \u010dlana 52. stav (1) ta\u010dka k) Statuta JU Univerziteta u Tuzli, Senat Univerziteta u Tuzli o donio je<\/h3>\n<h3 style=\"text-align: center;\">O D L U K U<br \/>\no kalendaru organizacije i realizacije nastave i ispita za akademsku 2019\/20. godinu<\/h3>\n<p>&nbsp;<\/p>\n<h3 style=\"text-align: center;\">Odluka se nalazi na sljede\u0107em <span style=\"color: #993300;\"><a style=\"color: #993300;\" href=\"http:\/\/erf.untz.ba\/web\/wp-content\/uploads\/2019\/09\/Odluka-o-kalendaru-organizacije-nastave-i-ispita-2019-20.doc\">L I N K U<\/a><\/span><\/h3>\n<p>&nbsp;<\/p>\n","protected":false},"excerpt":{"rendered":"<p>Na osnovu \u010dlana 60. stav 1. ta\u010dka a) Zakona o visokom obrazovanju (&#8220;Slu\u017ebene novine TK&#8221; broj 7\/16), a u vezi sa \u010dlanom 106. stavovi (6), (9) i (10), \u010dlanom 107. stav (2) i \u010dlanom 126. istog Zakona, te \u010dlana 52. stav (1) ta\u010dka k) Statuta JU Univerziteta u Tuzli, Senat Univerziteta u Tuzli o donio je O <a href=\"http:\/\/erf.untz.ba\/web\/odluka-o-kalendaru-organizacije-i-realizacije-nastave-i-ispita-za-akademsku-201920-godinu\/\" class=\"read-more\">Vi\u0161e&#8230;<\/a><\/p>\n","protected":false},"author":2,"featured_media":0,"comment_status":"open","ping_status":"open","sticky":false,"template":"","format":"standard","meta":[],"categories":[1],"tags":[],"_links":{"self":[{"href":"http:\/\/erf.untz.ba\/web\/wp-json\/wp\/v2\/posts\/1357"}],"collection":[{"href":"http:\/\/erf.untz.ba\/web\/wp-json\/wp\/v2\/posts"}],"about":[{"href":"http:\/\/erf.untz.ba\/web\/wp-json\/wp\/v2\/types\/post"}],"author":[{"embeddable":true,"href":"http:\/\/erf.untz.ba\/web\/wp-json\/wp\/v2\/users\/2"}],"replies":[{"embeddable":true,"href":"http:\/\/erf.untz.ba\/web\/wp-json\/wp\/v2\/comments?post=1357"}],"version-history":[{"count":0,"href":"http:\/\/erf.untz.ba\/web\/wp-json\/wp\/v2\/posts\/1357\/revisions"}],"wp:attachment":[{"href":"http:\/\/erf.untz.ba\/web\/wp-json\/wp\/v2\/media?parent=1357"}],"wp:term":[{"taxonomy":"category","embeddable":true,"href":"http:\/\/erf.untz.ba\/web\/wp-json\/wp\/v2\/categories?post=1357"},{"taxonomy":"post_tag","embeddable":true,"href":"http:\/\/erf.untz.ba\/web\/wp-json\/wp\/v2\/tags?post=1357"}],"curies":[{"name":"wp","href":"https:\/\/api.w.org\/{rel}","templated":true}]}}