{"id":1369,"date":"2019-09-21T18:28:24","date_gmt":"2019-09-21T18:28:24","guid":{"rendered":"http:\/\/erf.untz.ba\/web\/?p=1369"},"modified":"2019-09-24T21:26:51","modified_gmt":"2019-09-24T21:26:51","slug":"termini-za-treci-ispitni-rok","status":"publish","type":"post","link":"http:\/\/erf.untz.ba\/web\/termini-za-treci-ispitni-rok\/","title":{"rendered":"Termini za tre\u0107i ispitni rok"},"content":{"rendered":"<h3 style=\"text-align: justify;\">Prof.dr.sci. Lejla Junuzovi\u0107-\u017duni\u0107<\/h3>\n<ul>\n<li style=\"text-align: justify;\">Poreme\u0107aji te\u010dnosti govora 23.09.2019. pismeni ispit u 11 sati Sala ERF<\/li>\n<li style=\"text-align: justify;\">Artikulacijski i fonolo\u0161ki poreme\u0107aji 24.09.2019. pismeni ispit u 1o sati Sala ERF<\/li>\n<li style=\"text-align: justify;\">Logopedska dijagnostika 25.09.2019. pismeni ispit u 12 sati sala ERF.<\/li>\n<\/ul>\n<h3>Prof.dr.sci. Mirela Duranovi\u0107<\/h3>\n<ul>\n<li>Ispiti \u0107e biti odr\u017eani 24.09.2019. godine sa po\u010detkom u 10,00 sati (Kabinet nastavnika)<\/li>\n<\/ul>\n<h3 style=\"text-align: justify;\">Prof.dr.sci. Leila Begi\u0107<\/h3>\n<ul>\n<li style=\"text-align: justify;\">Uvod u logopediju, Poreme\u0107aji socijalne komunikacije, Te\u0161ko\u0107e u komunikaciji bilingvalnih osoba, Disfagije i poreme\u0107aji hranjenja \u0107e se odr\u017eati u utorak 24.09.2019. u 09.30 sati u kabinetu nastavnika.<\/li>\n<\/ul>\n<h3 style=\"text-align: justify;\">Prof.dr.sci. Husnija Hasanbegovi\u0107<\/h3>\n<ul>\n<li style=\"text-align: justify;\">Ispiti \u0107e se odr\u017eati u utorak i \u010detvrtak 24. i 26. od 12-16 sati, a prije toga kontaktirati asistente za pojedina\u010dne predmete.<\/li>\n<\/ul>\n<h3 style=\"text-align: justify;\">Prof.dr.sci. Amela Ibrahimagi\u0107<\/h3>\n<ul>\n<li>Govorna akustika; 23.09.19.;\u00a0ERF Kabinet br. 6 u\u00a0 8.30 sati<\/li>\n<li>Razvojni govorno- jezi\u010dki poreme\u0107aji i Klini\u010dki praktikum u logopediji;\u00a024.09.19.,ERF Kabinet br. 6 u\u00a0 8.30 sati<\/li>\n<li>Poreme\u0107aji glasa; 25.09.19., ERF Kabinet br. 6 u\u00a0 8.30 sati<\/li>\n<\/ul>\n<h3>Prof.dr.sci.Rifet Terzi\u0107<\/h3>\n<ul>\n<li>Ispit iz predmeta Osnove humane genetike kod prof.dr.sci. Rifeta Terzi\u0107a \u0107e se odr\u017eati u utorak 24.09.2019. godine u 15,00 sati na PMF-u.<\/li>\n<\/ul>\n<h3>Doc.dr.sci. Senad Mehmedinovi\u0107<\/h3>\n<ul>\n<li>Ispit iz predmeta Procjena i tretman osoba sa motori\u010dkim poreme\u0107ajima i hroni\u010dnim bolestima I \u0107e se odr\u017eati 24.09.2019. godine sa po\u010detkom u 10,00sati (Kabinet nastavnika)<\/li>\n<li>Ispit iz predmeta Metodologija nau\u010dnog istra\u017eivanja sa statistikom \u0107e se odr\u017eati 24.09.2019. godine sa po\u010detkom u 14,oo sati (Kabinet nastavnika)<\/li>\n<\/ul>\n<h3 style=\"text-align: justify;\">Prof.dr.sci.\u00a0Alma Huremovi\u0107<\/h3>\n<ul>\n<li>Ispiti \u0107e biti odr\u017eani 24. i 25.09.2019. godine sa po\u010detkom u 9,30 sati (Kabinet nastavnika)<\/li>\n<\/ul>\n<h3 style=\"text-align: justify;\">Prof.dr.sci.\u00a0Medina Vanti\u0107-Tanji\u0107<\/h3>\n<ul>\n<li>Ispit \u0107e biti odr\u017eani\u00a0 27.09.2019. godine sa po\u010detkom u 11,00 sati (Kabinet nastavnika)<\/li>\n<\/ul>\n<h3 style=\"text-align: justify;\">Prof.dr.sci.\u00a0Milena Nikoli\u0107<\/h3>\n<ul>\n<li>Ispit \u0107e biti odr\u017eani\u00a0 26.09.2019. godine sa po\u010detkom u\u00a010,00 sati (Kabinet nastavnika)<\/li>\n<\/ul>\n<h3 style=\"text-align: justify;\">Prof.dr.sci.\u00a0Amela Teskered\u017ei\u0107<\/h3>\n<ul>\n<li>Dijagnosti\u010dko-korekcioni postupci u rehabilitaciji vida I, 24.09.2019 godine u 11.00 sati.<\/li>\n<li>Orijentacija i Mobilitet osoba o\u0161te\u0107ena vida I i II , 26.09.2019 godine u 11.00 sati.<\/li>\n<\/ul>\n<h3 style=\"text-align: justify;\">Prof.dr.sci.\u00a0D\u017eenana Rad\u017eo Alibegovi\u0107<\/h3>\n<ul>\n<li>Ispit za studente III godine\u00a0 biti \u0107e odr\u017ean\u00a0 25.09.2019. godine sa po\u010detkom u\u00a010,00 sati (Kabinet nastavnika)<\/li>\n<\/ul>\n<h3 style=\"text-align: justify;\">Prof.dr.sci.\u00a0\u0160evala Tulumovi\u0107<\/h3>\n<ul>\n<li>Ispiti za studente\u00a0 \u00a0\u0107e\u00a0 biti\u00a0 odr\u017eani\u00a0 24.09.2019. godine sa po\u010detkom u 9,00 sati (Kabinet nastavnika)<\/li>\n<\/ul>\n<h3 style=\"text-align: justify;\">Prof.dr.sci.\u00a0Alma Dizdarevi\u0107<\/h3>\n<ul>\n<li>Ispit za studente\u00a0 \u00a0\u0107e\u00a0 biti\u00a0 odr\u017ean\u00a0 27.09.2019. godine sa po\u010detkom u 9,00 sati (Kabinet nastavnika)<\/li>\n<\/ul>\n","protected":false},"excerpt":{"rendered":"<p>Prof.dr.sci. Lejla Junuzovi\u0107-\u017duni\u0107 Poreme\u0107aji te\u010dnosti govora 23.09.2019. pismeni ispit u 11 sati Sala ERF Artikulacijski i fonolo\u0161ki poreme\u0107aji 24.09.2019. pismeni ispit u 1o sati Sala ERF Logopedska dijagnostika 25.09.2019. pismeni ispit u 12 sati sala ERF. Prof.dr.sci. Mirela Duranovi\u0107 Ispiti \u0107e biti odr\u017eani 24.09.2019. godine sa po\u010detkom u 10,00 sati (Kabinet nastavnika) Prof.dr.sci. Leila Begi\u0107 Uvod u <a href=\"http:\/\/erf.untz.ba\/web\/termini-za-treci-ispitni-rok\/\" class=\"read-more\">Vi\u0161e&#8230;<\/a><\/p>\n","protected":false},"author":2,"featured_media":0,"comment_status":"open","ping_status":"open","sticky":false,"template":"","format":"standard","meta":[],"categories":[1],"tags":[],"_links":{"self":[{"href":"http:\/\/erf.untz.ba\/web\/wp-json\/wp\/v2\/posts\/1369"}],"collection":[{"href":"http:\/\/erf.untz.ba\/web\/wp-json\/wp\/v2\/posts"}],"about":[{"href":"http:\/\/erf.untz.ba\/web\/wp-json\/wp\/v2\/types\/post"}],"author":[{"embeddable":true,"href":"http:\/\/erf.untz.ba\/web\/wp-json\/wp\/v2\/users\/2"}],"replies":[{"embeddable":true,"href":"http:\/\/erf.untz.ba\/web\/wp-json\/wp\/v2\/comments?post=1369"}],"version-history":[{"count":0,"href":"http:\/\/erf.untz.ba\/web\/wp-json\/wp\/v2\/posts\/1369\/revisions"}],"wp:attachment":[{"href":"http:\/\/erf.untz.ba\/web\/wp-json\/wp\/v2\/media?parent=1369"}],"wp:term":[{"taxonomy":"category","embeddable":true,"href":"http:\/\/erf.untz.ba\/web\/wp-json\/wp\/v2\/categories?post=1369"},{"taxonomy":"post_tag","embeddable":true,"href":"http:\/\/erf.untz.ba\/web\/wp-json\/wp\/v2\/tags?post=1369"}],"curies":[{"name":"wp","href":"https:\/\/api.w.org\/{rel}","templated":true}]}}