{"id":1383,"date":"2019-10-01T11:33:56","date_gmt":"2019-10-01T11:33:56","guid":{"rendered":"http:\/\/erf.untz.ba\/web\/?p=1383"},"modified":"2019-10-01T11:33:56","modified_gmt":"2019-10-01T11:33:56","slug":"prezentovana-logopedska-aplikacija","status":"publish","type":"post","link":"http:\/\/erf.untz.ba\/web\/prezentovana-logopedska-aplikacija\/","title":{"rendered":"Prezentovana logopedska aplikacija"},"content":{"rendered":"<h3 style=\"text-align: justify;\"><a href=\"http:\/\/erf.untz.ba\/web\/wp-content\/uploads\/2019\/10\/logo1.jpg\"><img loading=\"lazy\" class=\"size-medium wp-image-1380 alignleft\" src=\"http:\/\/erf.untz.ba\/web\/wp-content\/uploads\/2019\/10\/logo1-300x225.jpg\" alt=\"\" width=\"300\" height=\"225\" srcset=\"http:\/\/erf.untz.ba\/web\/wp-content\/uploads\/2019\/10\/logo1-300x225.jpg 300w, http:\/\/erf.untz.ba\/web\/wp-content\/uploads\/2019\/10\/logo1-768x576.jpg 768w, http:\/\/erf.untz.ba\/web\/wp-content\/uploads\/2019\/10\/logo1-1024x768.jpg 1024w, http:\/\/erf.untz.ba\/web\/wp-content\/uploads\/2019\/10\/logo1-360x270.jpg 360w, http:\/\/erf.untz.ba\/web\/wp-content\/uploads\/2019\/10\/logo1.jpg 1280w\" sizes=\"(max-width: 300px) 100vw, 300px\" \/><\/a>U subotu, 28.09.2019. odr\u017eana je prezentacija logopedske aplikacije na Edukacijsko-rehabilitacijskom fakultetu Univerziteta u Tuzli. Logopedska aplikacija je kreirana kao jedna od aktivnosti u okviru Erasmus+ projekta \u201eAssisting Better Communication\u201c koji finansira Evropska komisija u cilju unapre\u0111enje prakti\u010dnog rada logopeda. Logopedska aplikacija je online dostupna. Svaki korisnik \u0107e imati svoj profil, pri \u010demu se mora registrovati i dobiti svoje korisni\u010dko ime i \u0161ifru. Sama aplikacija sadr\u017ei dio koji omogu\u0107ava unos anamnesti\u010dkih podataka za svakog klijenta i taj dio je zaklju\u010dan i <a href=\"http:\/\/erf.untz.ba\/web\/wp-content\/uploads\/2019\/10\/logo3.jpg\"><img loading=\"lazy\" class=\"size-medium wp-image-1382 alignleft\" src=\"http:\/\/erf.untz.ba\/web\/wp-content\/uploads\/2019\/10\/logo3-300x225.jpg\" alt=\"\" width=\"300\" height=\"225\" srcset=\"http:\/\/erf.untz.ba\/web\/wp-content\/uploads\/2019\/10\/logo3-300x225.jpg 300w, http:\/\/erf.untz.ba\/web\/wp-content\/uploads\/2019\/10\/logo3-768x576.jpg 768w, http:\/\/erf.untz.ba\/web\/wp-content\/uploads\/2019\/10\/logo3-1024x768.jpg 1024w, http:\/\/erf.untz.ba\/web\/wp-content\/uploads\/2019\/10\/logo3-360x270.jpg 360w, http:\/\/erf.untz.ba\/web\/wp-content\/uploads\/2019\/10\/logo3.jpg 1280w\" sizes=\"(max-width: 300px) 100vw, 300px\" \/><\/a>vidljiv samo korisniku koji je unio te podatke. Drugi dio sadr\u017ei planer u koje korisnik mo\u017ee unostiti svoje obaveze, odnosno plan rada sa klijentima prema datumima. Tre\u0107i je dio u koji se uploaduje materijal za rad sa klijentima. Svi korisnici imaji pristup navedenom dijelu koji \u0107e biti otvoren za sve koji su se prijavili i svi \u0107e imati mogu\u0107nost da koriste sve unesene materijale i da uploaduju materijale.<br \/>\nLogopedska aplikacija mo\u017ee uveliko olak\u0161ati svakodnevni rad logopeda. Prezentaciji su prisustvovali logopedi, uposlenici i studenti Edukacijsko-rehabilitacijskog fakulteta.<\/h3>\n","protected":false},"excerpt":{"rendered":"<p>U subotu, 28.09.2019. odr\u017eana je prezentacija logopedske aplikacije na Edukacijsko-rehabilitacijskom fakultetu Univerziteta u Tuzli. Logopedska aplikacija je kreirana kao jedna od aktivnosti u okviru Erasmus+ projekta \u201eAssisting Better Communication\u201c koji finansira Evropska komisija u cilju unapre\u0111enje prakti\u010dnog rada logopeda. Logopedska aplikacija je online dostupna. Svaki korisnik \u0107e imati svoj profil, pri \u010demu se mora registrovati i dobiti <a href=\"http:\/\/erf.untz.ba\/web\/prezentovana-logopedska-aplikacija\/\" class=\"read-more\">Vi\u0161e&#8230;<\/a><\/p>\n","protected":false},"author":2,"featured_media":0,"comment_status":"open","ping_status":"open","sticky":false,"template":"","format":"standard","meta":[],"categories":[1],"tags":[],"_links":{"self":[{"href":"http:\/\/erf.untz.ba\/web\/wp-json\/wp\/v2\/posts\/1383"}],"collection":[{"href":"http:\/\/erf.untz.ba\/web\/wp-json\/wp\/v2\/posts"}],"about":[{"href":"http:\/\/erf.untz.ba\/web\/wp-json\/wp\/v2\/types\/post"}],"author":[{"embeddable":true,"href":"http:\/\/erf.untz.ba\/web\/wp-json\/wp\/v2\/users\/2"}],"replies":[{"embeddable":true,"href":"http:\/\/erf.untz.ba\/web\/wp-json\/wp\/v2\/comments?post=1383"}],"version-history":[{"count":0,"href":"http:\/\/erf.untz.ba\/web\/wp-json\/wp\/v2\/posts\/1383\/revisions"}],"wp:attachment":[{"href":"http:\/\/erf.untz.ba\/web\/wp-json\/wp\/v2\/media?parent=1383"}],"wp:term":[{"taxonomy":"category","embeddable":true,"href":"http:\/\/erf.untz.ba\/web\/wp-json\/wp\/v2\/categories?post=1383"},{"taxonomy":"post_tag","embeddable":true,"href":"http:\/\/erf.untz.ba\/web\/wp-json\/wp\/v2\/tags?post=1383"}],"curies":[{"name":"wp","href":"https:\/\/api.w.org\/{rel}","templated":true}]}}