{"id":1385,"date":"2019-10-06T20:31:14","date_gmt":"2019-10-06T20:31:14","guid":{"rendered":"http:\/\/erf.untz.ba\/web\/?p=1385"},"modified":"2019-10-06T20:33:08","modified_gmt":"2019-10-06T20:33:08","slug":"posjeta-selu-mira-turija-lukavac","status":"publish","type":"post","link":"http:\/\/erf.untz.ba\/web\/posjeta-selu-mira-turija-lukavac\/","title":{"rendered":"Posjeta Selu mira Turija Lukavac"},"content":{"rendered":"<h3 style=\"text-align: justify;\"><a href=\"http:\/\/erf.untz.ba\/web\/wp-content\/uploads\/2019\/10\/Turija.jpg\"><img loading=\"lazy\" class=\"size-medium wp-image-1387 alignleft\" src=\"http:\/\/erf.untz.ba\/web\/wp-content\/uploads\/2019\/10\/Turija-300x225.jpg\" alt=\"\" width=\"300\" height=\"225\" srcset=\"http:\/\/erf.untz.ba\/web\/wp-content\/uploads\/2019\/10\/Turija-300x225.jpg 300w, http:\/\/erf.untz.ba\/web\/wp-content\/uploads\/2019\/10\/Turija-768x576.jpg 768w, http:\/\/erf.untz.ba\/web\/wp-content\/uploads\/2019\/10\/Turija-1024x768.jpg 1024w, http:\/\/erf.untz.ba\/web\/wp-content\/uploads\/2019\/10\/Turija-360x270.jpg 360w\" sizes=\"(max-width: 300px) 100vw, 300px\" \/><\/a>U Selu mira Turija Lukavac (Izvorni naziv Kinderzukunft Rudolf-Walther-Stiftung) je 24.09.2019. godine odr\u017ean sastanak predstavnika Edukacijsko \u2013 rehabilitacijskog fakulteta Univerziteta u Tuzli sa direktorom Ustanove, gosp. Osmanom Pozderovi\u0107em i saradnikom gosp. Osmanom \u0160estanom. Delegaciju Edukacijsko- rehabilitacijskog fakulteta su \u010dinili: dr.sci. Edin Mufti\u0107, docent, Voditelj Odsjeka Poreme\u0107aji u pona\u0161anju, dr.sci. Edina Kuduzovi\u0107, vanredni profesor, Prodekan za nastavu i studentska pitanja i saradnica MA Adela Jahi\u0107, vi\u0161i asistent. U srda\u010dnom ambijentu i gostoprimstvu predstavnika Sela mira Turija Lukavac, potpisan je Sporazum o saradnji izme\u0111u ove dvije ustanove koji \u0107e se zasnivati na principima transparentnosti, partnerstva i saradnje kao i razmjeni informacija u oblasti podr\u0161ke osobama kroz sprovo\u0111enje stru\u010dno-dijagnosti\u010dkog opservacionog tretmana maloljetnika sa problemima u pona\u0161anju te tretmana za suzbijanje takvog pona\u0161anja kao i ostalih aktivnosti vezanih za izradu i implementaciju zajedni\u010dkih projekata na lokalnom, regionalnom i me\u0111unarodnom nivou, organizaciju seminara, treninga, okruglih stolova s ciljem ja\u010danja stru\u010dnih kapaciteta obje Strane. Fokus \u0107e biti i na realizaciji studijskih posjeta studenata odsjeka Poreme\u0107aji u pona\u0161anju Edukacijsko-rehabilitacijskog fakulteta. Edukacijsko-rehabilitacijski fakultet, Odsjek Poreme\u0107aji u pona\u0161anju je prepoznao izuzetnu ulogu, doprinos i zna\u010daj ove ustanove u pru\u017eanju toplog obiteljskog okru\u017eenja sa adekvatnim podsticajima djeci u stanju socijalne potrebe kao preduvjeta zdravog ravoja li\u010dnosti te svrstao ovu ustanovu od interesa sa razvoj i afirmaciju socijalnopedago\u0161ke misli i prakse.<\/h3>\n","protected":false},"excerpt":{"rendered":"<p>U Selu mira Turija Lukavac (Izvorni naziv Kinderzukunft Rudolf-Walther-Stiftung) je 24.09.2019. godine odr\u017ean sastanak predstavnika Edukacijsko \u2013 rehabilitacijskog fakulteta Univerziteta u Tuzli sa direktorom Ustanove, gosp. Osmanom Pozderovi\u0107em i saradnikom gosp. Osmanom \u0160estanom. Delegaciju Edukacijsko- rehabilitacijskog fakulteta su \u010dinili: dr.sci. Edin Mufti\u0107, docent, Voditelj Odsjeka Poreme\u0107aji u pona\u0161anju, dr.sci. Edina Kuduzovi\u0107, vanredni profesor, Prodekan za nastavu i <a href=\"http:\/\/erf.untz.ba\/web\/posjeta-selu-mira-turija-lukavac\/\" class=\"read-more\">Vi\u0161e&#8230;<\/a><\/p>\n","protected":false},"author":2,"featured_media":0,"comment_status":"open","ping_status":"open","sticky":false,"template":"","format":"standard","meta":[],"categories":[1],"tags":[],"_links":{"self":[{"href":"http:\/\/erf.untz.ba\/web\/wp-json\/wp\/v2\/posts\/1385"}],"collection":[{"href":"http:\/\/erf.untz.ba\/web\/wp-json\/wp\/v2\/posts"}],"about":[{"href":"http:\/\/erf.untz.ba\/web\/wp-json\/wp\/v2\/types\/post"}],"author":[{"embeddable":true,"href":"http:\/\/erf.untz.ba\/web\/wp-json\/wp\/v2\/users\/2"}],"replies":[{"embeddable":true,"href":"http:\/\/erf.untz.ba\/web\/wp-json\/wp\/v2\/comments?post=1385"}],"version-history":[{"count":0,"href":"http:\/\/erf.untz.ba\/web\/wp-json\/wp\/v2\/posts\/1385\/revisions"}],"wp:attachment":[{"href":"http:\/\/erf.untz.ba\/web\/wp-json\/wp\/v2\/media?parent=1385"}],"wp:term":[{"taxonomy":"category","embeddable":true,"href":"http:\/\/erf.untz.ba\/web\/wp-json\/wp\/v2\/categories?post=1385"},{"taxonomy":"post_tag","embeddable":true,"href":"http:\/\/erf.untz.ba\/web\/wp-json\/wp\/v2\/tags?post=1385"}],"curies":[{"name":"wp","href":"https:\/\/api.w.org\/{rel}","templated":true}]}}