{"id":1415,"date":"2019-10-15T09:59:37","date_gmt":"2019-10-15T09:59:37","guid":{"rendered":"http:\/\/erf.untz.ba\/web\/?p=1415"},"modified":"2019-10-15T10:08:36","modified_gmt":"2019-10-15T10:08:36","slug":"odrzana-zavrsna-konferencija-u-okviru-erasmus-projekta","status":"publish","type":"post","link":"http:\/\/erf.untz.ba\/web\/odrzana-zavrsna-konferencija-u-okviru-erasmus-projekta\/","title":{"rendered":"Odr\u017eana zavr\u0161na konferencija u okviru Erasmus + projekta"},"content":{"rendered":"<h3 style=\"text-align: justify;\"><a href=\"http:\/\/erf.untz.ba\/web\/wp-content\/uploads\/2018\/12\/logaaaa.jpg\"><img loading=\"lazy\" class=\"aligncenter size-medium wp-image-971\" src=\"http:\/\/erf.untz.ba\/web\/wp-content\/uploads\/2018\/12\/logaaaa-300x55.jpg\" alt=\"\" width=\"300\" height=\"55\" srcset=\"http:\/\/erf.untz.ba\/web\/wp-content\/uploads\/2018\/12\/logaaaa-300x55.jpg 300w, http:\/\/erf.untz.ba\/web\/wp-content\/uploads\/2018\/12\/logaaaa-768x142.jpg 768w, http:\/\/erf.untz.ba\/web\/wp-content\/uploads\/2018\/12\/logaaaa-1024x189.jpg 1024w, http:\/\/erf.untz.ba\/web\/wp-content\/uploads\/2018\/12\/logaaaa-360x66.jpg 360w, http:\/\/erf.untz.ba\/web\/wp-content\/uploads\/2018\/12\/logaaaa.jpg 1236w\" sizes=\"(max-width: 300px) 100vw, 300px\" \/><\/a><\/h3>\n<h3 style=\"text-align: justify;\"><a href=\"http:\/\/erf.untz.ba\/web\/wp-content\/uploads\/2019\/10\/Slika-1.jpg\"><img loading=\"lazy\" class=\"size-medium wp-image-1417 alignleft\" src=\"http:\/\/erf.untz.ba\/web\/wp-content\/uploads\/2019\/10\/Slika-1-300x169.jpg\" alt=\"\" width=\"300\" height=\"169\" srcset=\"http:\/\/erf.untz.ba\/web\/wp-content\/uploads\/2019\/10\/Slika-1-300x169.jpg 300w, http:\/\/erf.untz.ba\/web\/wp-content\/uploads\/2019\/10\/Slika-1-768x432.jpg 768w, http:\/\/erf.untz.ba\/web\/wp-content\/uploads\/2019\/10\/Slika-1-1024x576.jpg 1024w, http:\/\/erf.untz.ba\/web\/wp-content\/uploads\/2019\/10\/Slika-1-360x203.jpg 360w, http:\/\/erf.untz.ba\/web\/wp-content\/uploads\/2019\/10\/Slika-1.jpg 1600w\" sizes=\"(max-width: 300px) 100vw, 300px\" \/><\/a>Zavr\u0161na konferencija u okviru Erasmus+ projekta \u201ePomaganje boljoj komunikaciji\u201c (ABC), odr\u017eana je 03-06. oktobra 2019. godine. Zavr\u0161nu konferenciju je organizovao Ilia Dr\u017eavni Univerzitet iz Gruzije, u saradnji sa Batumi Shota Rustaveli dr\u017eavnim univerzitetom koji je bio doma\u0107in. Zavr\u0161na konferencija sastojala se iz dva dijela. Prvi dio uklju\u010divao je me\u0111unarodnu diseminacijsku konferenciju otvorenu za javnost u periodu od 03. do 04. oktobra 2019. Prezentirani su rezultati ostvareni u okviru Erasmus+ ABC projekta, te najnovija dostignu\u0107a iz podru\u010dja logopedije i audiologije.<\/h3>\n<h3 style=\"text-align: justify;\"><a href=\"http:\/\/erf.untz.ba\/web\/wp-content\/uploads\/2019\/10\/Slika-2.jpg\"><img loading=\"lazy\" class=\"size-medium wp-image-1418 alignleft\" src=\"http:\/\/erf.untz.ba\/web\/wp-content\/uploads\/2019\/10\/Slika-2-169x300.jpg\" alt=\"\" width=\"169\" height=\"300\" srcset=\"http:\/\/erf.untz.ba\/web\/wp-content\/uploads\/2019\/10\/Slika-2-169x300.jpg 169w, http:\/\/erf.untz.ba\/web\/wp-content\/uploads\/2019\/10\/Slika-2-768x1365.jpg 768w, http:\/\/erf.untz.ba\/web\/wp-content\/uploads\/2019\/10\/Slika-2-576x1024.jpg 576w, http:\/\/erf.untz.ba\/web\/wp-content\/uploads\/2019\/10\/Slika-2-152x270.jpg 152w, http:\/\/erf.untz.ba\/web\/wp-content\/uploads\/2019\/10\/Slika-2.jpg 900w\" sizes=\"(max-width: 169px) 100vw, 169px\" \/><\/a>Organizovane su i radionice sa sljede\u0107im temama: Rad sa porodicom; Akusti\u010dka analiza glasa; Intervencije na podru\u010dju komunikacije kod djece s te\u0161ko\u0107ama u razvoju; Afazije: zna\u010daj uklju\u010divanja partnera u proces intervencije; Intervencija na podru\u010dju mucanja kod odraslih; Dje\u010dija apraksija govora; Rana intervencija na podru\u010dju slu\u0161anja; Supervizija; Rana pismenost i razvojni jezi\u010dki poreme\u0107aji. Drugi dio uklju\u010divao je sastanak konzorcijuma na kojem su prezentirani rezultati projekta. Na zavr\u0161noj konferenciji su u\u010destvovali predstavnici Ilia dr\u017eavnog univerziteta iz Gruzije, Univerziteta u Tuzli, Univerziteta Isto\u010dnom Sarajevu iz Bosne i Hercegovine, Gruzijskog instituta javnih poslova, Batumi Shota Rustaveli dr\u017eavnog univerziteta, Gruzijskog Portage Udru\u017eenja, Step Forward udru\u017eenja iz Gruzije, Haifa Unverziteta, Gordon Akademski Koled\u017ea Edukacije i Ono Akademski Koled\u017ea iz Izraela. Predstavnici Univerziteta u Tuzli su bili rektorica Univerziteta u Tuzli Nermina Had\u017eigrahi\u0107, prodekanica za nastavu Edukacijsko-rehabilitacijskog fakulteta prof. dr Edina Kuduzovi\u0107, prof. dr Mirela Duranovi\u0107, voditeljica projekta i prof. dr Leila Begi\u0107, \u010dlan projekta.<\/h3>\n","protected":false},"excerpt":{"rendered":"<p>Zavr\u0161na konferencija u okviru Erasmus+ projekta \u201ePomaganje boljoj komunikaciji\u201c (ABC), odr\u017eana je 03-06. oktobra 2019. godine. Zavr\u0161nu konferenciju je organizovao Ilia Dr\u017eavni Univerzitet iz Gruzije, u saradnji sa Batumi Shota Rustaveli dr\u017eavnim univerzitetom koji je bio doma\u0107in. Zavr\u0161na konferencija sastojala se iz dva dijela. Prvi dio uklju\u010divao je me\u0111unarodnu diseminacijsku konferenciju otvorenu za javnost u periodu od <a href=\"http:\/\/erf.untz.ba\/web\/odrzana-zavrsna-konferencija-u-okviru-erasmus-projekta\/\" class=\"read-more\">Vi\u0161e&#8230;<\/a><\/p>\n","protected":false},"author":2,"featured_media":0,"comment_status":"open","ping_status":"open","sticky":false,"template":"","format":"standard","meta":[],"categories":[1],"tags":[],"_links":{"self":[{"href":"http:\/\/erf.untz.ba\/web\/wp-json\/wp\/v2\/posts\/1415"}],"collection":[{"href":"http:\/\/erf.untz.ba\/web\/wp-json\/wp\/v2\/posts"}],"about":[{"href":"http:\/\/erf.untz.ba\/web\/wp-json\/wp\/v2\/types\/post"}],"author":[{"embeddable":true,"href":"http:\/\/erf.untz.ba\/web\/wp-json\/wp\/v2\/users\/2"}],"replies":[{"embeddable":true,"href":"http:\/\/erf.untz.ba\/web\/wp-json\/wp\/v2\/comments?post=1415"}],"version-history":[{"count":0,"href":"http:\/\/erf.untz.ba\/web\/wp-json\/wp\/v2\/posts\/1415\/revisions"}],"wp:attachment":[{"href":"http:\/\/erf.untz.ba\/web\/wp-json\/wp\/v2\/media?parent=1415"}],"wp:term":[{"taxonomy":"category","embeddable":true,"href":"http:\/\/erf.untz.ba\/web\/wp-json\/wp\/v2\/categories?post=1415"},{"taxonomy":"post_tag","embeddable":true,"href":"http:\/\/erf.untz.ba\/web\/wp-json\/wp\/v2\/tags?post=1415"}],"curies":[{"name":"wp","href":"https:\/\/api.w.org\/{rel}","templated":true}]}}