{"id":1513,"date":"2019-11-27T13:31:15","date_gmt":"2019-11-27T13:31:15","guid":{"rendered":"http:\/\/erf.untz.ba\/web\/?p=1513"},"modified":"2019-11-27T13:31:15","modified_gmt":"2019-11-27T13:31:15","slug":"konferencija-o-asistivnoj-tehnologiji-i-komunikaciji-ataac-2019","status":"publish","type":"post","link":"http:\/\/erf.untz.ba\/web\/konferencija-o-asistivnoj-tehnologiji-i-komunikaciji-ataac-2019\/","title":{"rendered":"Konferencija o asistivnoj tehnologiji i komunikaciji (ATAAC 2019)"},"content":{"rendered":"<p style=\"text-align: justify; line-height: 115%;\"><span lang=\"BS-LATN-BA\" style=\"font-size: 14pt;\"><a href=\"http:\/\/erf.untz.ba\/web\/wp-content\/uploads\/2019\/11\/IMG_20191015_093802.jpg\"><img loading=\"lazy\" class=\"size-medium wp-image-1514 alignleft\" src=\"http:\/\/erf.untz.ba\/web\/wp-content\/uploads\/2019\/11\/IMG_20191015_093802-300x225.jpg\" alt=\"\" width=\"300\" height=\"225\" srcset=\"http:\/\/erf.untz.ba\/web\/wp-content\/uploads\/2019\/11\/IMG_20191015_093802-300x225.jpg 300w, http:\/\/erf.untz.ba\/web\/wp-content\/uploads\/2019\/11\/IMG_20191015_093802-768x576.jpg 768w, http:\/\/erf.untz.ba\/web\/wp-content\/uploads\/2019\/11\/IMG_20191015_093802-1024x768.jpg 1024w, http:\/\/erf.untz.ba\/web\/wp-content\/uploads\/2019\/11\/IMG_20191015_093802-360x270.jpg 360w\" sizes=\"(max-width: 300px) 100vw, 300px\" \/><\/a><span style=\"color: #000000;\">Na konferenciji o naprednoj tehnologiji za djecu s te\u0161ko\u0107ama u razvoju i osobe s invaliditetom u\u010de\u0161\u0107e su uzeli i nastavnici i suradnici Edukacijsko-rehabilitacijskog fakulteta Univerziteta u Tuzli, prof. dr. sci. Edina \u0160ari\u0107, prof. dr. sci. Lejla Junuzovi\u0107-\u017duni\u0107, prof. dr. sci. Mirela Duranovi\u0107, prof. dr. sci. Amela Ibrahimagi\u0107 i dr.sci. Silva Banovi\u0107, v.ass. <\/span><\/span><\/p>\n<p style=\"text-align: justify; line-height: 115%;\"><span lang=\"BS-LATN-BA\" style=\"font-size: 14pt; color: #000000;\">Konferencija je odr\u017eana u Zagrebu, u periodu od 15.-17.10.2019. godine. Na konferenciji je sudjelovalo preko 20 predava\u010da iz preko 10 zemalja. Organizatori ATAAC konferencije su i ove godine doveli vrhunske svjetske stru\u010dnjake i osigurali pristup najnovijoj asistivnoj tehnologiji, a sve s ciljem razmjene iskustava i znanja. Za vrijeme konferencije su svakodnevno odr\u017eavane i radionice u kojima su sudjelovali i zaposlenici <a style=\"color: #000000;\" href=\"http:\/\/erf.untz.ba\/web\/wp-content\/uploads\/2019\/11\/IMG-6015e1b2cd4fdb592e267113df656820-V.jpg\"><img loading=\"lazy\" class=\"size-medium wp-image-1515 alignleft\" src=\"http:\/\/erf.untz.ba\/web\/wp-content\/uploads\/2019\/11\/IMG-6015e1b2cd4fdb592e267113df656820-V-300x225.jpg\" alt=\"\" width=\"300\" height=\"225\" srcset=\"http:\/\/erf.untz.ba\/web\/wp-content\/uploads\/2019\/11\/IMG-6015e1b2cd4fdb592e267113df656820-V-300x225.jpg 300w, http:\/\/erf.untz.ba\/web\/wp-content\/uploads\/2019\/11\/IMG-6015e1b2cd4fdb592e267113df656820-V-768x576.jpg 768w, http:\/\/erf.untz.ba\/web\/wp-content\/uploads\/2019\/11\/IMG-6015e1b2cd4fdb592e267113df656820-V-1024x768.jpg 1024w, http:\/\/erf.untz.ba\/web\/wp-content\/uploads\/2019\/11\/IMG-6015e1b2cd4fdb592e267113df656820-V-360x270.jpg 360w, http:\/\/erf.untz.ba\/web\/wp-content\/uploads\/2019\/11\/IMG-6015e1b2cd4fdb592e267113df656820-V.jpg 1280w\" sizes=\"(max-width: 300px) 100vw, 300px\" \/><\/a>Edukacijsko-rehabilitacijskog fakulteta. Tako\u0111er, na konferenciji je izlo\u017eena najnovija asistivnatehnologija, kao i posteri terapeuta koji u svom radu koriste asistivnu tehnologiju i\/ili se bave potpomognutom komunikacijom (AAC). <\/span><\/p>\n<p style=\"text-align: justify; line-height: 115%;\"><span lang=\"BS-LATN-BA\" style=\"font-size: 14pt; color: #000000;\">Sudjelovanje na ATAAC konferenciji je zaposlenicima Edukacijsko-rehabilitacijskog fakulteta Univerziteta u Tuzli omogu\u0107ilo dogovor mnogobrojnih oblika mogu\u0107e budu\u0107e suradnje sa stru\u010dnjacima iz edukacijsko-rehabilitacijske prakse \u0161irom Europe. <\/span><\/p>\n","protected":false},"excerpt":{"rendered":"<p>Na konferenciji o naprednoj tehnologiji za djecu s te\u0161ko\u0107ama u razvoju i osobe s invaliditetom u\u010de\u0161\u0107e su uzeli i nastavnici i suradnici Edukacijsko-rehabilitacijskog fakulteta Univerziteta u Tuzli, prof. dr. sci. Edina \u0160ari\u0107, prof. dr. sci. Lejla Junuzovi\u0107-\u017duni\u0107, prof. dr. sci. Mirela Duranovi\u0107, prof. dr. sci. Amela Ibrahimagi\u0107 i dr.sci. Silva Banovi\u0107, v.ass. Konferencija je odr\u017eana u Zagrebu, <a href=\"http:\/\/erf.untz.ba\/web\/konferencija-o-asistivnoj-tehnologiji-i-komunikaciji-ataac-2019\/\" class=\"read-more\">Vi\u0161e&#8230;<\/a><\/p>\n","protected":false},"author":2,"featured_media":0,"comment_status":"open","ping_status":"open","sticky":false,"template":"","format":"standard","meta":[],"categories":[1],"tags":[],"_links":{"self":[{"href":"http:\/\/erf.untz.ba\/web\/wp-json\/wp\/v2\/posts\/1513"}],"collection":[{"href":"http:\/\/erf.untz.ba\/web\/wp-json\/wp\/v2\/posts"}],"about":[{"href":"http:\/\/erf.untz.ba\/web\/wp-json\/wp\/v2\/types\/post"}],"author":[{"embeddable":true,"href":"http:\/\/erf.untz.ba\/web\/wp-json\/wp\/v2\/users\/2"}],"replies":[{"embeddable":true,"href":"http:\/\/erf.untz.ba\/web\/wp-json\/wp\/v2\/comments?post=1513"}],"version-history":[{"count":0,"href":"http:\/\/erf.untz.ba\/web\/wp-json\/wp\/v2\/posts\/1513\/revisions"}],"wp:attachment":[{"href":"http:\/\/erf.untz.ba\/web\/wp-json\/wp\/v2\/media?parent=1513"}],"wp:term":[{"taxonomy":"category","embeddable":true,"href":"http:\/\/erf.untz.ba\/web\/wp-json\/wp\/v2\/categories?post=1513"},{"taxonomy":"post_tag","embeddable":true,"href":"http:\/\/erf.untz.ba\/web\/wp-json\/wp\/v2\/tags?post=1513"}],"curies":[{"name":"wp","href":"https:\/\/api.w.org\/{rel}","templated":true}]}}