{"id":1525,"date":"2019-12-08T23:07:14","date_gmt":"2019-12-08T23:07:14","guid":{"rendered":"http:\/\/erf.untz.ba\/web\/?p=1525"},"modified":"2020-01-28T23:15:17","modified_gmt":"2020-01-28T23:15:17","slug":"xi-medunarodna-naucno-strucna-konferencija-unapredenje-kvalitete-zivota-djece-i-mladih","status":"publish","type":"post","link":"http:\/\/erf.untz.ba\/web\/xi-medunarodna-naucno-strucna-konferencija-unapredenje-kvalitete-zivota-djece-i-mladih\/","title":{"rendered":"XI Me\u0111unarodna nau\u010dno-stru\u010dna konferencija &#8220;Unapre\u0111enje kvalitete \u017eivota djece i mladih&#8221;"},"content":{"rendered":"<h2 style=\"text-align: justify;\" data-raofz=\"16\"><a href=\"http:\/\/erf.untz.ba\/web\/wp-content\/uploads\/2019\/12\/slika-poziv.jpg\"><img loading=\"lazy\" class=\"wp-image-1557 size-medium alignleft\" src=\"http:\/\/erf.untz.ba\/web\/wp-content\/uploads\/2019\/12\/slika-poziv-227x300.jpg\" alt=\"\" width=\"227\" height=\"300\" srcset=\"http:\/\/erf.untz.ba\/web\/wp-content\/uploads\/2019\/12\/slika-poziv-227x300.jpg 227w, http:\/\/erf.untz.ba\/web\/wp-content\/uploads\/2019\/12\/slika-poziv-768x1014.jpg 768w, http:\/\/erf.untz.ba\/web\/wp-content\/uploads\/2019\/12\/slika-poziv-776x1024.jpg 776w, http:\/\/erf.untz.ba\/web\/wp-content\/uploads\/2019\/12\/slika-poziv-205x270.jpg 205w, http:\/\/erf.untz.ba\/web\/wp-content\/uploads\/2019\/12\/slika-poziv.jpg 1032w\" sizes=\"(max-width: 227px) 100vw, 227px\" \/><\/a><span style=\"font-size: 14pt;\">Udru\u017eenje za podr\u0161ku i kreativni razvoj djece i mladih Tuzla i Edukacijsko-rehabilitacijski fakultet Univerziteta u Tuzli Vas pozivaju na XI Me\u0111unarodnu nau\u010dno-stru\u010dnu konferenciju \u201cUnapre\u0111enje kvalitete \u017eivota djece i mladih\u201d, koja \u0107e se odr\u017eati 26. &#8211; 28. juna 2020. godine, a mjesto odr\u017eavanja je Sun\u010dev brijeg (Sunny Beach), Bugarska.<\/span><\/h2>\n<h2 style=\"text-align: justify;\" data-raofz=\"16\"><\/h2>\n<h2 style=\"text-align: justify;\" data-raofz=\"16\"><span style=\"font-size: 14pt;\">Za upute autorima kliknuti <span style=\"color: #993300;\"><a style=\"color: #993300;\" href=\"http:\/\/erf.untz.ba\/web\/wp-content\/uploads\/2020\/01\/UPUTE-ZA-AUTORE-2.pdf\">O V D J E<\/a>\u00a0\u00a0<\/span><\/span><\/h2>\n<h2 style=\"text-align: justify;\" data-raofz=\"16\"><span style=\"font-size: 14pt;\">Za poziv na Konferenciju kliknuti <a href=\"http:\/\/erf.untz.ba\/web\/wp-content\/uploads\/2019\/12\/Poziv_2020-2.pdf\"><span style=\"color: #993300;\">O V D J E<\/span><\/a><\/span><\/h2>\n<h2 style=\"text-align: justify;\" data-raofz=\"16\"><span style=\"font-size: 14pt;\">Za Prijavni obrazac kliknuti <span style=\"color: #993300;\"><a style=\"color: #993300;\" href=\"http:\/\/erf.untz.ba\/web\/wp-content\/uploads\/2020\/01\/Prijavni-obrazac_2020.doc\">O V D J E<\/a>\u00a0 \u00a0 \u00a0 \u00a0 \u00a0\u00a0<\/span><\/span><\/h2>\n<h2 style=\"text-align: justify;\" data-raofz=\"16\"><span style=\"font-size: 14pt;\">Za prijavu apstrakta kliknuti <a href=\"http:\/\/erf.untz.ba\/web\/wp-content\/uploads\/2020\/01\/Prijava-apstrakta_2020.doc\"><span style=\"color: #993300;\">O V D J E<\/span><\/a><\/span><\/h2>\n<p>______________________________________________________________________________________________________________________________________<\/p>\n<h2 style=\"text-align: center;\"><span style=\"font-size: 14pt;\">MJESTO ODR\u017dAVANJE KONFERENCIJE<\/span><\/h2>\n<h2 style=\"text-align: center;\"><span style=\"font-size: 14pt;\"><strong>Sun\u010dev brijeg (Sunny Beach), Bugarska<\/strong><\/span><\/h2>\n<h2 style=\"text-align: justify;\"><a href=\"http:\/\/erf.untz.ba\/web\/wp-content\/uploads\/2019\/12\/sunny-beach1-1.jpg\"><img loading=\"lazy\" class=\"size-medium wp-image-1539 alignleft\" src=\"http:\/\/erf.untz.ba\/web\/wp-content\/uploads\/2019\/12\/sunny-beach1-1-300x163.jpg\" alt=\"\" width=\"300\" height=\"163\" srcset=\"http:\/\/erf.untz.ba\/web\/wp-content\/uploads\/2019\/12\/sunny-beach1-1-300x163.jpg 300w, http:\/\/erf.untz.ba\/web\/wp-content\/uploads\/2019\/12\/sunny-beach1-1-768x417.jpg 768w, http:\/\/erf.untz.ba\/web\/wp-content\/uploads\/2019\/12\/sunny-beach1-1-1024x556.jpg 1024w, http:\/\/erf.untz.ba\/web\/wp-content\/uploads\/2019\/12\/sunny-beach1-1-360x195.jpg 360w, http:\/\/erf.untz.ba\/web\/wp-content\/uploads\/2019\/12\/sunny-beach1-1.jpg 1920w\" sizes=\"(max-width: 300px) 100vw, 300px\" \/><\/a><span style=\"font-size: 14pt;\">Sun\u010dev brijeg je ljetovali\u0161te koje se nalazi na jugoistoku Bugarske, na samo 30 km sjeverno od Burgasa. Ovo najmodernije ljetovali\u0161te na Crnom moru smje\u0161teno je u 8 km dugom pje\u0161\u010danom zaljevu koji formira polumjesec, okrenut na istok. Sjeverni dio ljetovali\u0161ta blago se uzdi\u017ee uz posljednje obronke Stare planine, gdje se grani\u010di sa gradi\u0107em Sveti Vlas. Na ju\u017eni dio se nastavlja novi Nesebar u \u010dijem je produ\u017eetku poluostrvo na kojem se nalazi stari grad Nesebar, koji je pod za\u0161itom UNESCO-a.<\/span><\/h2>\n<p>______________________________________________________________________________________________________________________________________<\/p>\n<h2 style=\"text-align: center;\"><span style=\"font-size: 14pt;\">HOTEL KOTVA****<\/span><br \/>\n<span style=\"font-size: 14pt;\"><a href=\"http:\/\/www.kotva-bg.com\">(https:\/\/kotva-bg.com)<\/a><\/span><\/h2>\n<p><iframe loading=\"lazy\"  id=\"_ytid_11989\" width=\"847\" height=\"476\" src=\"https:\/\/www.youtube.com\/embed\/CwVZEgqjL8w?enablejsapi=1&#038;autoplay=0&#038;cc_load_policy=0&#038;iv_load_policy=1&#038;loop=0&#038;modestbranding=0&#038;rel=1&#038;showinfo=1&#038;fs=1&#038;playsinline=0&#038;controls=2&#038;autohide=2&#038;theme=dark&#038;color=red&#038;\" class=\"__youtube_prefs__\" title=\"YouTube player\"  allowfullscreen data-no-lazy=\"1\" data-skipgform_ajax_framebjll=\"\"><\/iframe><\/p>\n<p>&nbsp;<\/p>\n","protected":false},"excerpt":{"rendered":"<p>Udru\u017eenje za podr\u0161ku i kreativni razvoj djece i mladih Tuzla i Edukacijsko-rehabilitacijski fakultet Univerziteta u Tuzli Vas pozivaju na XI Me\u0111unarodnu nau\u010dno-stru\u010dnu konferenciju \u201cUnapre\u0111enje kvalitete \u017eivota djece i mladih\u201d, koja \u0107e se odr\u017eati 26. &#8211; 28. juna 2020. godine, a mjesto odr\u017eavanja je Sun\u010dev brijeg (Sunny Beach), Bugarska. Za upute autorima kliknuti O V D J E\u00a0\u00a0 <a href=\"http:\/\/erf.untz.ba\/web\/xi-medunarodna-naucno-strucna-konferencija-unapredenje-kvalitete-zivota-djece-i-mladih\/\" class=\"read-more\">Vi\u0161e&#8230;<\/a><\/p>\n","protected":false},"author":2,"featured_media":0,"comment_status":"open","ping_status":"open","sticky":false,"template":"","format":"standard","meta":[],"categories":[4,3],"tags":[],"_links":{"self":[{"href":"http:\/\/erf.untz.ba\/web\/wp-json\/wp\/v2\/posts\/1525"}],"collection":[{"href":"http:\/\/erf.untz.ba\/web\/wp-json\/wp\/v2\/posts"}],"about":[{"href":"http:\/\/erf.untz.ba\/web\/wp-json\/wp\/v2\/types\/post"}],"author":[{"embeddable":true,"href":"http:\/\/erf.untz.ba\/web\/wp-json\/wp\/v2\/users\/2"}],"replies":[{"embeddable":true,"href":"http:\/\/erf.untz.ba\/web\/wp-json\/wp\/v2\/comments?post=1525"}],"version-history":[{"count":0,"href":"http:\/\/erf.untz.ba\/web\/wp-json\/wp\/v2\/posts\/1525\/revisions"}],"wp:attachment":[{"href":"http:\/\/erf.untz.ba\/web\/wp-json\/wp\/v2\/media?parent=1525"}],"wp:term":[{"taxonomy":"category","embeddable":true,"href":"http:\/\/erf.untz.ba\/web\/wp-json\/wp\/v2\/categories?post=1525"},{"taxonomy":"post_tag","embeddable":true,"href":"http:\/\/erf.untz.ba\/web\/wp-json\/wp\/v2\/tags?post=1525"}],"curies":[{"name":"wp","href":"https:\/\/api.w.org\/{rel}","templated":true}]}}