{"id":1571,"date":"2019-12-19T18:23:32","date_gmt":"2019-12-19T18:23:32","guid":{"rendered":"http:\/\/erf.untz.ba\/web\/?p=1571"},"modified":"2019-12-19T18:23:32","modified_gmt":"2019-12-19T18:23:32","slug":"potpisan-sporazum-o-saradnji-izmedu-edukacijsko-rehabilitacijskog-fakulteta-i-odgojnog-centra-tk","status":"publish","type":"post","link":"http:\/\/erf.untz.ba\/web\/potpisan-sporazum-o-saradnji-izmedu-edukacijsko-rehabilitacijskog-fakulteta-i-odgojnog-centra-tk\/","title":{"rendered":"Potpisan Sporazum o saradnji izme\u0111u Edukacijsko-rehabilitacijskog fakulteta i Odgojnog centra TK"},"content":{"rendered":"<p style=\"text-align: justify;\"><span style=\"font-size: 14pt;\"><a href=\"http:\/\/erf.untz.ba\/web\/wp-content\/uploads\/2019\/12\/Centar.jpg\"><img loading=\"lazy\" class=\"size-medium wp-image-1565 alignleft\" src=\"http:\/\/erf.untz.ba\/web\/wp-content\/uploads\/2019\/12\/Centar-300x225.jpg\" alt=\"\" width=\"300\" height=\"225\" srcset=\"http:\/\/erf.untz.ba\/web\/wp-content\/uploads\/2019\/12\/Centar-300x225.jpg 300w, http:\/\/erf.untz.ba\/web\/wp-content\/uploads\/2019\/12\/Centar.jpg 768w, http:\/\/erf.untz.ba\/web\/wp-content\/uploads\/2019\/12\/Centar-360x270.jpg 360w\" sizes=\"(max-width: 300px) 100vw, 300px\" \/><\/a>Dana 29.11.2019.godine obavljena je stru\u010dna posjeta predstavnika Edukacijsko-rehabilitacijskog fakulteta u JU Odgojni centar TK. Posjeti su prisustvovali prof.dr.sci. Zamir Mrkonji\u0107, dekan, prof.dr. sci. Edina Kuduzovi\u0107,\u00a0 prodekanica za nastavu i studentska pitanja, doc.dr sci. Edin Mufti\u0107, voditelj studijskog odsjeka Poreme\u0107aji u pona\u0161anju i MA\u00a0 Adela Jahi\u0107, vi\u0161i asistent.<\/span><\/p>\n<p style=\"text-align: justify;\"><span style=\"font-size: 14pt;\">Ovom prilikom je \u00a0je\u00a0 potpisan Sporazum o saradnji izme\u0111u dvije institucije koja je klju\u010d unapre\u0111enja rada na polju prakti\u010dnog iskustva. Saradnja definisana Sporazumom \u0107e se odvijati u: razmjeni informacija u oblasti unapre\u0111enja statusa osoba koje su upu\u0107ene na izvr\u0161avanje odgojne mjere kroz realizaciju programa tretmana, izrada i implementacija zajedni\u010dkih projekata na lokalnom, regionalnom i me\u0111unarodnom nivou, obezbje\u0111enje uslova za obavljanje studijske posjete i izvo\u0111enje \u00a0vje\u017ebi za studente odsjeka Poreme\u0107aji u pona\u0161anju, organizacija seminara, treninga, okruglih stolova s ciljem ja\u010danja stru\u010dnih kapaciteta institucija, te druge teme od zajedni\u010dkog interesa.<\/span><\/p>\n<p>&nbsp;<\/p>\n","protected":false},"excerpt":{"rendered":"<p>Dana 29.11.2019.godine obavljena je stru\u010dna posjeta predstavnika Edukacijsko-rehabilitacijskog fakulteta u JU Odgojni centar TK. Posjeti su prisustvovali prof.dr.sci. Zamir Mrkonji\u0107, dekan, prof.dr. sci. Edina Kuduzovi\u0107,\u00a0 prodekanica za nastavu i studentska pitanja, doc.dr sci. Edin Mufti\u0107, voditelj studijskog odsjeka Poreme\u0107aji u pona\u0161anju i MA\u00a0 Adela Jahi\u0107, vi\u0161i asistent. Ovom prilikom je \u00a0je\u00a0 potpisan Sporazum o saradnji izme\u0111u dvije <a href=\"http:\/\/erf.untz.ba\/web\/potpisan-sporazum-o-saradnji-izmedu-edukacijsko-rehabilitacijskog-fakulteta-i-odgojnog-centra-tk\/\" class=\"read-more\">Vi\u0161e&#8230;<\/a><\/p>\n","protected":false},"author":2,"featured_media":0,"comment_status":"open","ping_status":"open","sticky":false,"template":"","format":"standard","meta":[],"categories":[1],"tags":[],"_links":{"self":[{"href":"http:\/\/erf.untz.ba\/web\/wp-json\/wp\/v2\/posts\/1571"}],"collection":[{"href":"http:\/\/erf.untz.ba\/web\/wp-json\/wp\/v2\/posts"}],"about":[{"href":"http:\/\/erf.untz.ba\/web\/wp-json\/wp\/v2\/types\/post"}],"author":[{"embeddable":true,"href":"http:\/\/erf.untz.ba\/web\/wp-json\/wp\/v2\/users\/2"}],"replies":[{"embeddable":true,"href":"http:\/\/erf.untz.ba\/web\/wp-json\/wp\/v2\/comments?post=1571"}],"version-history":[{"count":0,"href":"http:\/\/erf.untz.ba\/web\/wp-json\/wp\/v2\/posts\/1571\/revisions"}],"wp:attachment":[{"href":"http:\/\/erf.untz.ba\/web\/wp-json\/wp\/v2\/media?parent=1571"}],"wp:term":[{"taxonomy":"category","embeddable":true,"href":"http:\/\/erf.untz.ba\/web\/wp-json\/wp\/v2\/categories?post=1571"},{"taxonomy":"post_tag","embeddable":true,"href":"http:\/\/erf.untz.ba\/web\/wp-json\/wp\/v2\/tags?post=1571"}],"curies":[{"name":"wp","href":"https:\/\/api.w.org\/{rel}","templated":true}]}}