{"id":1596,"date":"2019-12-30T21:48:37","date_gmt":"2019-12-30T21:48:37","guid":{"rendered":"http:\/\/erf.untz.ba\/web\/?p=1596"},"modified":"2019-12-30T21:48:37","modified_gmt":"2019-12-30T21:48:37","slug":"studijska-posjeta-i-strucno-naucna-konferencija-u-zenici","status":"publish","type":"post","link":"http:\/\/erf.untz.ba\/web\/studijska-posjeta-i-strucno-naucna-konferencija-u-zenici\/","title":{"rendered":"Studijska posjeta i Stru\u010dno-nau\u010dna konferencija u Zenici"},"content":{"rendered":"<p style=\"text-align: justify;\"><span style=\"font-size: 14pt;\"><a href=\"http:\/\/erf.untz.ba\/web\/wp-content\/uploads\/2019\/12\/Slika-1.jpg\"><img loading=\"lazy\" class=\"size-medium wp-image-1594 alignleft\" src=\"http:\/\/erf.untz.ba\/web\/wp-content\/uploads\/2019\/12\/Slika-1-300x169.jpg\" alt=\"\" width=\"300\" height=\"169\" srcset=\"http:\/\/erf.untz.ba\/web\/wp-content\/uploads\/2019\/12\/Slika-1-300x169.jpg 300w, http:\/\/erf.untz.ba\/web\/wp-content\/uploads\/2019\/12\/Slika-1-768x432.jpg 768w, http:\/\/erf.untz.ba\/web\/wp-content\/uploads\/2019\/12\/Slika-1-360x203.jpg 360w, http:\/\/erf.untz.ba\/web\/wp-content\/uploads\/2019\/12\/Slika-1.jpg 960w\" sizes=\"(max-width: 300px) 100vw, 300px\" \/><\/a>Dana, 16. i 17. decembra 2019. godine realizovana je studijska posjeta studenata \u010detvrte godine odsjeka Logopedija i audiologija Edukacijsko-rehabilitacijskog fakulteta, Univerziteta u Tuzli. Studenti su tokom dvodnevne posjete imali priliku upoznati se sa radom Centra za djecu i odrasle sa posebnim potrebama ZDK u okviru koje su boravili u\u00a0 Dnevnom centaru \u017dep\u010de\/Maglaj i Odjeljenju\u00a0 za rano podsticanje razvoja i ranu intervenciju Zenica. Tako\u0111er je uprili\u010dena posjeta Udru\u017eenju \u201cSvijet u slikama\u201d Zenica gdje su studenti imali priliku prakti\u010dno raditi sa korisnicima. U okviru dana posebnih radosti 16. decembra studenti su imali priliku prisustvovati \u00a0izvo\u0111enju predstave Cabaret club-a u saradnji s Centrom za djecu i odrasle s posebnim potrebama u Zenica \u010diji su glavni akteri bili korisnici Centra.<\/span><\/p>\n<p style=\"text-align: justify;\"><span style=\"font-size: 14pt;\"><a href=\"http:\/\/erf.untz.ba\/web\/wp-content\/uploads\/2019\/12\/Slika-2.jpg\"><img loading=\"lazy\" class=\"size-medium wp-image-1595 alignleft\" src=\"http:\/\/erf.untz.ba\/web\/wp-content\/uploads\/2019\/12\/Slika-2-225x300.jpg\" alt=\"\" width=\"225\" height=\"300\" srcset=\"http:\/\/erf.untz.ba\/web\/wp-content\/uploads\/2019\/12\/Slika-2-225x300.jpg 225w, http:\/\/erf.untz.ba\/web\/wp-content\/uploads\/2019\/12\/Slika-2-203x270.jpg 203w, http:\/\/erf.untz.ba\/web\/wp-content\/uploads\/2019\/12\/Slika-2.jpg 720w\" sizes=\"(max-width: 225px) 100vw, 225px\" \/><\/a>17. decembra je odr\u017eana Druga stru\u010dno-nau\u010dna konferencija u Zenici pod nazivom \u201cUnapre\u0111enje kvlaitete \u017eivota djece i mladih sa posebnim potrebama\u201d na kojoj je kao pozvani predava\u010d uzela u\u010de\u0161\u0107e prof.dr.sci. Amela Ibrahimagi\u0107. Aktivno u\u010de\u0161\u0107e na konferenciji su imale i saradnice Edukacijsko-rehabilitacijskog fakulteta MA Hurma Begi\u0107 Jahi\u0107, vi\u0161i asistent i MA Adela Jahi\u0107, vi\u0161i asistent, kao i studenti \u010detvrte godine Logopedije i audiologije.<\/span><\/p>\n","protected":false},"excerpt":{"rendered":"<p>Dana, 16. i 17. decembra 2019. godine realizovana je studijska posjeta studenata \u010detvrte godine odsjeka Logopedija i audiologija Edukacijsko-rehabilitacijskog fakulteta, Univerziteta u Tuzli. Studenti su tokom dvodnevne posjete imali priliku upoznati se sa radom Centra za djecu i odrasle sa posebnim potrebama ZDK u okviru koje su boravili u\u00a0 Dnevnom centaru \u017dep\u010de\/Maglaj i Odjeljenju\u00a0 za rano podsticanje <a href=\"http:\/\/erf.untz.ba\/web\/studijska-posjeta-i-strucno-naucna-konferencija-u-zenici\/\" class=\"read-more\">Vi\u0161e&#8230;<\/a><\/p>\n","protected":false},"author":2,"featured_media":0,"comment_status":"open","ping_status":"open","sticky":false,"template":"","format":"standard","meta":[],"categories":[1],"tags":[],"_links":{"self":[{"href":"http:\/\/erf.untz.ba\/web\/wp-json\/wp\/v2\/posts\/1596"}],"collection":[{"href":"http:\/\/erf.untz.ba\/web\/wp-json\/wp\/v2\/posts"}],"about":[{"href":"http:\/\/erf.untz.ba\/web\/wp-json\/wp\/v2\/types\/post"}],"author":[{"embeddable":true,"href":"http:\/\/erf.untz.ba\/web\/wp-json\/wp\/v2\/users\/2"}],"replies":[{"embeddable":true,"href":"http:\/\/erf.untz.ba\/web\/wp-json\/wp\/v2\/comments?post=1596"}],"version-history":[{"count":0,"href":"http:\/\/erf.untz.ba\/web\/wp-json\/wp\/v2\/posts\/1596\/revisions"}],"wp:attachment":[{"href":"http:\/\/erf.untz.ba\/web\/wp-json\/wp\/v2\/media?parent=1596"}],"wp:term":[{"taxonomy":"category","embeddable":true,"href":"http:\/\/erf.untz.ba\/web\/wp-json\/wp\/v2\/categories?post=1596"},{"taxonomy":"post_tag","embeddable":true,"href":"http:\/\/erf.untz.ba\/web\/wp-json\/wp\/v2\/tags?post=1596"}],"curies":[{"name":"wp","href":"https:\/\/api.w.org\/{rel}","templated":true}]}}