{"id":1763,"date":"2020-06-25T09:25:19","date_gmt":"2020-06-25T09:25:19","guid":{"rendered":"http:\/\/erf.untz.ba\/web\/?p=1763"},"modified":"2020-06-25T09:26:37","modified_gmt":"2020-06-25T09:26:37","slug":"xi-medunarodna-naucno-strucna-konferencija-unapredenje-kvalitete-zivota-djece-i-mladih-26-27-06-2020-godine","status":"publish","type":"post","link":"http:\/\/erf.untz.ba\/web\/xi-medunarodna-naucno-strucna-konferencija-unapredenje-kvalitete-zivota-djece-i-mladih-26-27-06-2020-godine\/","title":{"rendered":"XI Me\u0111unarodna nau\u010dno-stru\u010dna konferencija \u201eUnapre\u0111enje kvalitete \u017eivota djece i mladih\u201c 26. &#8211; 27. 06. 2020. godine"},"content":{"rendered":"<p style=\"text-align: justify;\"><span style=\"font-size: 14pt;\"><a href=\"http:\/\/erf.untz.ba\/web\/wp-content\/uploads\/2020\/06\/Zbornik.jpg\"><img loading=\"lazy\" class=\"size-medium wp-image-1762 alignleft\" src=\"http:\/\/erf.untz.ba\/web\/wp-content\/uploads\/2020\/06\/Zbornik-213x300.jpg\" alt=\"\" width=\"213\" height=\"300\" srcset=\"http:\/\/erf.untz.ba\/web\/wp-content\/uploads\/2020\/06\/Zbornik-213x300.jpg 213w, http:\/\/erf.untz.ba\/web\/wp-content\/uploads\/2020\/06\/Zbornik-768x1080.jpg 768w, http:\/\/erf.untz.ba\/web\/wp-content\/uploads\/2020\/06\/Zbornik-728x1024.jpg 728w, http:\/\/erf.untz.ba\/web\/wp-content\/uploads\/2020\/06\/Zbornik-192x270.jpg 192w, http:\/\/erf.untz.ba\/web\/wp-content\/uploads\/2020\/06\/Zbornik.jpg 1138w\" sizes=\"(max-width: 213px) 100vw, 213px\" \/><\/a><\/span><\/p>\n<blockquote>\n<p style=\"text-align: justify;\"><span style=\"font-size: 14pt;\">Udru\u017eenje za podr\u0161ku i kreativni razvoj djece i mladih i Edukacijsko-rehabilitacijski fakultet Univerziteta u Tuzli Vas pozivaju na XI Me\u0111unarodnu nau\u010dno-stru\u010dnu eKonferenciju \u201eUnapre\u0111enje kvalitete \u017eivota djece i mladih\u201c. Zbog novonastale situacije i objektivne sprije\u010denosti odr\u017eavanja Konferencije u Bugarskoj, te uz saglasnost \u00a0u\u010desnika, ista \u0107e se odr\u017eati putem ZOOM platforme.<\/span><\/p>\n<\/blockquote>\n<p style=\"text-align: justify;\"><span style=\"font-size: 14pt;\"><strong>Molimo predava\u010de, u\u010desnike, kao i sve zainteresovane \u00a0da obavezno uklju\u010de svoj mikrofon i kameru.<\/strong><\/span><\/p>\n<p style=\"text-align: justify;\"><span style=\"font-size: 14pt;\">Program Konferencije mo\u017eete preuzeti na sljede\u0107em <strong><span style=\"color: #993300;\"><a style=\"color: #993300;\" href=\"http:\/\/erf.untz.ba\/web\/wp-content\/uploads\/2020\/06\/Program-XI-Tuzla.pdf\">L I N K U<\/a><\/span><\/strong><\/span><\/p>\n<p style=\"text-align: justify;\"><span style=\"font-size: 14pt;\">Konferencija \u0107e biti odr\u017eana 26. i 27.06.2020. godine, te na istu mo\u017eete pristupiti putem sljede\u0107ih linkova:<\/span><\/p>\n<ul style=\"text-align: justify;\">\n<li><span style=\"font-size: 14pt;\"><strong>26.06.2020. godine (Petak) prijave na link od 16.00 &#8211; 16.10h \u00a0<\/strong><\/span><\/li>\n<\/ul>\n<p style=\"text-align: justify;\"><span style=\"font-size: 14pt;\">Join Zoom Meeting<\/span><\/p>\n<p style=\"text-align: justify;\"><span style=\"font-size: 14pt;\"><u><a href=\"https:\/\/us02web.zoom.us\/j\/83996602986\">https:\/\/us02web.zoom.us\/j\/83996602986<\/a><\/u><\/span><\/p>\n<p style=\"text-align: justify;\"><span style=\"font-size: 14pt;\">Meeting ID: 839 9660 2986<\/span><\/p>\n<ul style=\"text-align: justify;\">\n<li><span style=\"font-size: 14pt;\"><strong>27.06.2020. godine (Subota) prijave na link od 10.00 &#8211; 10.10h<\/strong><\/span><\/li>\n<\/ul>\n<p style=\"text-align: justify;\"><span style=\"font-size: 14pt;\">Join Zoom Meeting<\/span><\/p>\n<p style=\"text-align: justify;\"><span style=\"font-size: 14pt;\"><u><a href=\"https:\/\/us02web.zoom.us\/j\/86211190001\">https:\/\/us02web.zoom.us\/j\/86211190001<\/a><\/u><\/span><\/p>\n<p style=\"text-align: justify;\"><span style=\"font-size: 14pt;\">Meeting ID: 862 1119 0001<\/span><\/p>\n<p style=\"text-align: justify;\"><span style=\"font-size: 14pt;\"><strong>NAPOMENA: Svi zainteresovani mogu pristupiti i pratiti Konferenciju!<\/strong><\/span><\/p>\n","protected":false},"excerpt":{"rendered":"<p>Udru\u017eenje za podr\u0161ku i kreativni razvoj djece i mladih i Edukacijsko-rehabilitacijski fakultet Univerziteta u Tuzli Vas pozivaju na XI Me\u0111unarodnu nau\u010dno-stru\u010dnu eKonferenciju \u201eUnapre\u0111enje kvalitete \u017eivota djece i mladih\u201c. Zbog novonastale situacije i objektivne sprije\u010denosti odr\u017eavanja Konferencije u Bugarskoj, te uz saglasnost \u00a0u\u010desnika, ista \u0107e se odr\u017eati putem ZOOM platforme. Molimo predava\u010de, u\u010desnike, kao i sve zainteresovane \u00a0da <a href=\"http:\/\/erf.untz.ba\/web\/xi-medunarodna-naucno-strucna-konferencija-unapredenje-kvalitete-zivota-djece-i-mladih-26-27-06-2020-godine\/\" class=\"read-more\">Vi\u0161e&#8230;<\/a><\/p>\n","protected":false},"author":2,"featured_media":0,"comment_status":"open","ping_status":"open","sticky":false,"template":"","format":"standard","meta":[],"categories":[1],"tags":[],"_links":{"self":[{"href":"http:\/\/erf.untz.ba\/web\/wp-json\/wp\/v2\/posts\/1763"}],"collection":[{"href":"http:\/\/erf.untz.ba\/web\/wp-json\/wp\/v2\/posts"}],"about":[{"href":"http:\/\/erf.untz.ba\/web\/wp-json\/wp\/v2\/types\/post"}],"author":[{"embeddable":true,"href":"http:\/\/erf.untz.ba\/web\/wp-json\/wp\/v2\/users\/2"}],"replies":[{"embeddable":true,"href":"http:\/\/erf.untz.ba\/web\/wp-json\/wp\/v2\/comments?post=1763"}],"version-history":[{"count":0,"href":"http:\/\/erf.untz.ba\/web\/wp-json\/wp\/v2\/posts\/1763\/revisions"}],"wp:attachment":[{"href":"http:\/\/erf.untz.ba\/web\/wp-json\/wp\/v2\/media?parent=1763"}],"wp:term":[{"taxonomy":"category","embeddable":true,"href":"http:\/\/erf.untz.ba\/web\/wp-json\/wp\/v2\/categories?post=1763"},{"taxonomy":"post_tag","embeddable":true,"href":"http:\/\/erf.untz.ba\/web\/wp-json\/wp\/v2\/tags?post=1763"}],"curies":[{"name":"wp","href":"https:\/\/api.w.org\/{rel}","templated":true}]}}