{"id":1865,"date":"2020-09-22T13:48:10","date_gmt":"2020-09-22T13:48:10","guid":{"rendered":"http:\/\/erf.untz.ba\/web\/?p=1865"},"modified":"2020-09-22T13:48:10","modified_gmt":"2020-09-22T13:48:10","slug":"treca-medunarodna-konferencija-multidisciplinarni-pristupi-u-edukaciji-i-rehabilitaciji","status":"publish","type":"post","link":"http:\/\/erf.untz.ba\/web\/treca-medunarodna-konferencija-multidisciplinarni-pristupi-u-edukaciji-i-rehabilitaciji\/","title":{"rendered":"Tre\u0107a me\u0111unarodna konferencija &#8221;Multidisciplinarni pristupi u edukaciji i rehabilitaciji&#8221;"},"content":{"rendered":"<p style=\"text-align: justify;\"><span style=\"font-size: 14pt;\"><a href=\"http:\/\/erf.untz.ba\/web\/wp-content\/uploads\/2020\/09\/IMG_2501.jpg\"><img loading=\"lazy\" class=\"size-medium wp-image-1863 alignleft\" src=\"http:\/\/erf.untz.ba\/web\/wp-content\/uploads\/2020\/09\/IMG_2501-300x225.jpg\" alt=\"\" width=\"300\" height=\"225\" srcset=\"http:\/\/erf.untz.ba\/web\/wp-content\/uploads\/2020\/09\/IMG_2501-300x225.jpg 300w, http:\/\/erf.untz.ba\/web\/wp-content\/uploads\/2020\/09\/IMG_2501-768x576.jpg 768w, http:\/\/erf.untz.ba\/web\/wp-content\/uploads\/2020\/09\/IMG_2501-1024x768.jpg 1024w, http:\/\/erf.untz.ba\/web\/wp-content\/uploads\/2020\/09\/IMG_2501-360x270.jpg 360w, http:\/\/erf.untz.ba\/web\/wp-content\/uploads\/2020\/09\/IMG_2501.jpg 1600w\" sizes=\"(max-width: 300px) 100vw, 300px\" \/><\/a>U organizaciji Udru\u017eenja defektologa, edukatora \u2013 rehabilitatora &#8221;STOL&#8221; u saradnji sa Pedago\u0161kim fakultetom Univerziteta u Sarajevu odr\u017eana je tre\u0107a <a href=\"http:\/\/erf.untz.ba\/web\/wp-content\/uploads\/2020\/09\/IMG_2446.jpg\"><img loading=\"lazy\" class=\"size-medium wp-image-1862 alignleft\" src=\"http:\/\/erf.untz.ba\/web\/wp-content\/uploads\/2020\/09\/IMG_2446-300x225.jpg\" alt=\"\" width=\"300\" height=\"225\" srcset=\"http:\/\/erf.untz.ba\/web\/wp-content\/uploads\/2020\/09\/IMG_2446-300x225.jpg 300w, http:\/\/erf.untz.ba\/web\/wp-content\/uploads\/2020\/09\/IMG_2446-768x576.jpg 768w, http:\/\/erf.untz.ba\/web\/wp-content\/uploads\/2020\/09\/IMG_2446-1024x768.jpg 1024w, http:\/\/erf.untz.ba\/web\/wp-content\/uploads\/2020\/09\/IMG_2446-360x270.jpg 360w, http:\/\/erf.untz.ba\/web\/wp-content\/uploads\/2020\/09\/IMG_2446.jpg 2048w\" sizes=\"(max-width: 300px) 100vw, 300px\" \/><\/a>me\u0111unarodna konferencija &#8221;Multidisciplinarni pristupi u edukaciji i rehabilitaciji&#8221; u Sarajevu, 18.9-20.9.2020.godine; Hotel Hills, uz strogo po\u0161tivanje epidemiolo\u0161kih mjera zbog stanja izazvanog korona virusom. <\/span><br \/>\n<span style=\"font-size: 14pt;\"><a href=\"http:\/\/erf.untz.ba\/web\/wp-content\/uploads\/2020\/09\/IMG_2497.jpg\"><img loading=\"lazy\" class=\"size-medium wp-image-1864 alignleft\" src=\"http:\/\/erf.untz.ba\/web\/wp-content\/uploads\/2020\/09\/IMG_2497-300x225.jpg\" alt=\"\" width=\"300\" height=\"225\" srcset=\"http:\/\/erf.untz.ba\/web\/wp-content\/uploads\/2020\/09\/IMG_2497-300x225.jpg 300w, http:\/\/erf.untz.ba\/web\/wp-content\/uploads\/2020\/09\/IMG_2497-768x576.jpg 768w, http:\/\/erf.untz.ba\/web\/wp-content\/uploads\/2020\/09\/IMG_2497-1024x768.jpg 1024w, http:\/\/erf.untz.ba\/web\/wp-content\/uploads\/2020\/09\/IMG_2497-360x270.jpg 360w, http:\/\/erf.untz.ba\/web\/wp-content\/uploads\/2020\/09\/IMG_2497.jpg 2048w\" sizes=\"(max-width: 300px) 100vw, 300px\" \/><\/a>Obra\u0107aju\u0107i se u\u010desnicima konferencije u prvom dijelu, profesorica Univerziteta u Tuzli, Edukacijsko-rehabilitacijskog fakulteta, s katedre za poreme\u0107aje u pona\u0161anju, Dr.sc.Lejla Kurali\u0107-\u0106i\u0161i\u0107, doc. govorila je o etiologiji poreme\u0107aja u pona\u0161anju, dijagnosti\u010dko-klasifikacionim sistemima, prevalenci, razvojnim trajektorijama, refleksiji naru\u0161ene porodi\u010dne strukture i disfunkcionalnosti porodice na nastanak i razvoj internaliziranih i eksternaliziranih problema. <\/span><br \/>\n<span style=\"font-size: 14pt;\">Konferenciji je prisustvovalo preko 150 u\u010desnika, kombinirano u\u017eivo u Sali i online. Prezentirani su nau\u010dni, stru\u010dni i istra\u017eiva\u010dki radovi iz oblasti edukacije i rehabilitacije, socijalne pedgogije, logopedije i audiologije. Dobro organizovanim stru\u010dnim skupom u saradnji doma\u0107ih stru\u010dnjaka sa kolegama iz susjednih zemalja, kolega iz zemalja EU, roditelja, studenata, profesora i drugih cilj je bio dati doprinos procesu unapre\u0111enja sistema podr\u0161ke djeci s te\u0161ko\u0107ama u razvoju i njihovim porodicama, djeci s poreme\u0107ajima u pona\u0161anju i njihovim porodicama, odraslim osobama sa invaliditetom te unapre\u0111enju dru\u0161tva u cjelini.<\/span><\/p>\n","protected":false},"excerpt":{"rendered":"<p>U organizaciji Udru\u017eenja defektologa, edukatora \u2013 rehabilitatora &#8221;STOL&#8221; u saradnji sa Pedago\u0161kim fakultetom Univerziteta u Sarajevu odr\u017eana je tre\u0107a me\u0111unarodna konferencija &#8221;Multidisciplinarni pristupi u edukaciji i rehabilitaciji&#8221; u Sarajevu, 18.9-20.9.2020.godine; Hotel Hills, uz strogo po\u0161tivanje epidemiolo\u0161kih mjera zbog stanja izazvanog korona virusom. Obra\u0107aju\u0107i se u\u010desnicima konferencije u prvom dijelu, profesorica Univerziteta u Tuzli, Edukacijsko-rehabilitacijskog fakulteta, s katedre <a href=\"http:\/\/erf.untz.ba\/web\/treca-medunarodna-konferencija-multidisciplinarni-pristupi-u-edukaciji-i-rehabilitaciji\/\" class=\"read-more\">Vi\u0161e&#8230;<\/a><\/p>\n","protected":false},"author":2,"featured_media":0,"comment_status":"open","ping_status":"open","sticky":false,"template":"","format":"standard","meta":[],"categories":[1],"tags":[],"_links":{"self":[{"href":"http:\/\/erf.untz.ba\/web\/wp-json\/wp\/v2\/posts\/1865"}],"collection":[{"href":"http:\/\/erf.untz.ba\/web\/wp-json\/wp\/v2\/posts"}],"about":[{"href":"http:\/\/erf.untz.ba\/web\/wp-json\/wp\/v2\/types\/post"}],"author":[{"embeddable":true,"href":"http:\/\/erf.untz.ba\/web\/wp-json\/wp\/v2\/users\/2"}],"replies":[{"embeddable":true,"href":"http:\/\/erf.untz.ba\/web\/wp-json\/wp\/v2\/comments?post=1865"}],"version-history":[{"count":0,"href":"http:\/\/erf.untz.ba\/web\/wp-json\/wp\/v2\/posts\/1865\/revisions"}],"wp:attachment":[{"href":"http:\/\/erf.untz.ba\/web\/wp-json\/wp\/v2\/media?parent=1865"}],"wp:term":[{"taxonomy":"category","embeddable":true,"href":"http:\/\/erf.untz.ba\/web\/wp-json\/wp\/v2\/categories?post=1865"},{"taxonomy":"post_tag","embeddable":true,"href":"http:\/\/erf.untz.ba\/web\/wp-json\/wp\/v2\/tags?post=1865"}],"curies":[{"name":"wp","href":"https:\/\/api.w.org\/{rel}","templated":true}]}}