{"id":2185,"date":"2021-07-01T11:24:26","date_gmt":"2021-07-01T11:24:26","guid":{"rendered":"http:\/\/erf.untz.ba\/web\/?p=2185"},"modified":"2021-07-01T11:24:26","modified_gmt":"2021-07-01T11:24:26","slug":"obavijestenje-za-kandidate","status":"publish","type":"post","link":"http:\/\/erf.untz.ba\/web\/obavijestenje-za-kandidate\/","title":{"rendered":"Obavijestenje za kandidate"},"content":{"rendered":"<p style=\"text-align: center;\"><strong><a href=\"http:\/\/erf.untz.ba\/web\/wp-content\/uploads\/2021\/07\/Lokacije-polaganja-prijemnog-ispita.png\"><img loading=\"lazy\" class=\"size-medium wp-image-2184 alignleft\" src=\"http:\/\/erf.untz.ba\/web\/wp-content\/uploads\/2021\/07\/Lokacije-polaganja-prijemnog-ispita-300x251.png\" alt=\"\" width=\"300\" height=\"251\" srcset=\"http:\/\/erf.untz.ba\/web\/wp-content\/uploads\/2021\/07\/Lokacije-polaganja-prijemnog-ispita-300x251.png 300w, http:\/\/erf.untz.ba\/web\/wp-content\/uploads\/2021\/07\/Lokacije-polaganja-prijemnog-ispita-768x644.png 768w, http:\/\/erf.untz.ba\/web\/wp-content\/uploads\/2021\/07\/Lokacije-polaganja-prijemnog-ispita-322x270.png 322w, http:\/\/erf.untz.ba\/web\/wp-content\/uploads\/2021\/07\/Lokacije-polaganja-prijemnog-ispita.png 940w\" sizes=\"(max-width: 300px) 100vw, 300px\" \/><\/a><span style=\"font-size: 14pt;\">OBAVIJE\u0160TENJE ZA KANDIDATE<\/span><\/strong><\/p>\n<p style=\"text-align: center;\"><span style=\"font-size: 14pt;\">O LOKACIJAMA POLAGANJA PRIJEMNOG ISPITA ZA UPIS STUDENATA U PRVU GODINU PRVOG I INTEGRIRANOG PRVOG I DRUGOG CIKLUSA STUDIJA, \u00a0NA FAKULTETE\/AKADEMIJU UNIVERZITETA U TUZLI U AKADEMSKOJ 2021\/22. GODINI<\/span><\/p>\n<p style=\"text-align: justify;\"><span style=\"font-size: 14pt;\">Prijemni ispit za upis studenata u prvu godinu prvog i integriranog prvog i drugog ciklusa studija na Univerzitetu u Tuzli \u0107e se odr\u017eati dana 06. 07. 2021. godine u 10,00 sati.<\/span><\/p>\n<p style=\"text-align: justify;\"><span style=\"font-size: 14pt;\">Obavje\u0161tavaju se \u00a0kandidati koji su aplicirali\u00a0 na Konkurs za upis studenata u prvu godinu prvog i integriranog prvog i drugog ciklusa studija na:<\/span><\/p>\n<ol style=\"text-align: justify;\">\n<li><span style=\"font-size: 14pt;\">Akademiju dramskih umjetnosti,<\/span><\/li>\n<li><span style=\"font-size: 14pt;\">Ekonomski fakultet,<\/span><\/li>\n<li><span style=\"font-size: 14pt;\">Fakultet za tjelesni odgoj i sport,<\/span><\/li>\n<li><span style=\"font-size: 14pt;\">Filozofski fakultet,<\/span><\/li>\n<li><span style=\"font-size: 14pt;\">Pravni fakultet,<\/span><\/li>\n<li><span style=\"font-size: 14pt;\">Prirodno matemati\u010dki fakultet,<\/span><\/li>\n<li><span style=\"font-size: 14pt;\">Rudarsko geolo\u0161ko \u2013 gra\u0111evinski fakultet,<\/span><\/li>\n<li><span style=\"font-size: 14pt;\">Tehnolo\u0161ki fakultet,<\/span><\/li>\n<\/ol>\n<p style=\"text-align: justify;\"><span style=\"font-size: 14pt;\">da \u0107e se prijemni ispit odr\u017eati\u00a0 u prostorijama gore navedenih fakulteta.<\/span><\/p>\n<p style=\"text-align: justify;\"><span style=\"font-size: 14pt;\">Kandidate koji su aplicirali za upis na <strong>Fakultet elektrotehnike<\/strong> obavije\u0161tavamo da \u0107e se prijemni ispit odr\u017eati u prostorijama Fakulteta elektrotehnike\u00a0 na adresi Franjeva\u010dka 2, Tuzla \u00a0i u Gimnaziji \u201eMe\u0161a Selimovi\u0107\u201c Tuzla na adresi dr. Tihomila Markovi\u0107a, Tuzla.<\/span><\/p>\n<p style=\"text-align: justify;\"><span style=\"font-size: 14pt;\">Kandidate koji su aplicirali za upis na <strong>Medicinski<\/strong> <strong>fakultet<\/strong> obavije\u0161tavamo da \u0107e se prijemni ispit odr\u017eati u:<\/span><\/p>\n<ul style=\"text-align: justify;\">\n<li><span style=\"font-size: 14pt;\">prostorijama Medicinskog fakulteta na adresi Univerzitetska 1, Tuzla,<\/span><\/li>\n<li><span style=\"font-size: 14pt;\">Univerzitetskoj sportskoj dvorani na adresi Univerzitetska 2, Tuzla,<\/span><\/li>\n<li><span style=\"font-size: 14pt;\">Studentskom restoranu Studentskog centra na adresi Muhameda Hevaija Uskufija 7,\u00a0<em>Tuzla<strong>\u00a0<\/strong><\/em><\/span><\/li>\n<li><span style=\"font-size: 14pt;\">prostorijama Fakulteta za tjelesni odgoj i sport na adresi 2. oktobra broj 1. Tuzla,<\/span><\/li>\n<li><span style=\"font-size: 14pt;\">Kampusu Univerziteta u Tuzli, u amfiteatrima 1, 2 i 3 na adresi Armije Bosne i Hercegovine b.b., Tuzla.<\/span><\/li>\n<\/ul>\n<p style=\"text-align: justify;\"><span style=\"font-size: 14pt;\">Kandidate koji su aplicirali za upis na <strong>Farmaceutski fakultet<\/strong> obavije\u0161tavamo da \u0107e se prijemni ispit odr\u017eati u\u00a0 JU Mje\u0161ovitoj srednjoj hemijskoj \u0161koli Tuzla\u00a0 na adresi Bosne Srebrene 8, Tuzla.<\/span><\/p>\n<p style=\"text-align: justify;\"><span style=\"font-size: 14pt;\">Kandidate koji su aplicirali za upis na <strong>Edukacijsko &#8211; rehabilitacijski fakultet<\/strong> obavije\u0161tavamo da \u0107e se prijemni ispit odr\u017eati u\u00a0 Gimnaziji \u201eIsmet Mujezinovi\u0107\u201c na adresi Muhameda Hevaija Uskufija 3, Tuzla.<\/span><\/p>\n<p>&nbsp;<\/p>\n<p>Kandidate koji su aplicirali za upis na <strong>Ma\u0161inski fakultet<\/strong> obavije\u0161tavamo da \u0107e se prijemni ispit odr\u017eati u Kampusu Univerziteta u Tuzli\u00a0 (u\u010dionica 06A i 06B)\u00a0 na adresi Armije Bosne i Hercegovine b.b., Tuzla.<\/p>\n<p>&nbsp;<\/p>\n<p><strong>NAPOMENA:<\/strong> Spiskovi kandidata sa ta\u010dnom lokacijom polaganja prijemnog ispita\u00a0 bit \u0107e objavljeni na web stranicama fakulteta i web stranici Univerziteta u Tuzli <a href=\"http:\/\/www.unitz.ba\">www.unitz.ba<\/a> u petak 02. 07. 2021. godine poslije 16,00 sati.<\/p>\n","protected":false},"excerpt":{"rendered":"<p>OBAVIJE\u0160TENJE ZA KANDIDATE O LOKACIJAMA POLAGANJA PRIJEMNOG ISPITA ZA UPIS STUDENATA U PRVU GODINU PRVOG I INTEGRIRANOG PRVOG I DRUGOG CIKLUSA STUDIJA, \u00a0NA FAKULTETE\/AKADEMIJU UNIVERZITETA U TUZLI U AKADEMSKOJ 2021\/22. GODINI Prijemni ispit za upis studenata u prvu godinu prvog i integriranog prvog i drugog ciklusa studija na Univerzitetu u Tuzli \u0107e se odr\u017eati dana 06. 07. <a href=\"http:\/\/erf.untz.ba\/web\/obavijestenje-za-kandidate\/\" class=\"read-more\">Vi\u0161e&#8230;<\/a><\/p>\n","protected":false},"author":2,"featured_media":0,"comment_status":"open","ping_status":"open","sticky":false,"template":"","format":"standard","meta":[],"categories":[1],"tags":[],"_links":{"self":[{"href":"http:\/\/erf.untz.ba\/web\/wp-json\/wp\/v2\/posts\/2185"}],"collection":[{"href":"http:\/\/erf.untz.ba\/web\/wp-json\/wp\/v2\/posts"}],"about":[{"href":"http:\/\/erf.untz.ba\/web\/wp-json\/wp\/v2\/types\/post"}],"author":[{"embeddable":true,"href":"http:\/\/erf.untz.ba\/web\/wp-json\/wp\/v2\/users\/2"}],"replies":[{"embeddable":true,"href":"http:\/\/erf.untz.ba\/web\/wp-json\/wp\/v2\/comments?post=2185"}],"version-history":[{"count":0,"href":"http:\/\/erf.untz.ba\/web\/wp-json\/wp\/v2\/posts\/2185\/revisions"}],"wp:attachment":[{"href":"http:\/\/erf.untz.ba\/web\/wp-json\/wp\/v2\/media?parent=2185"}],"wp:term":[{"taxonomy":"category","embeddable":true,"href":"http:\/\/erf.untz.ba\/web\/wp-json\/wp\/v2\/categories?post=2185"},{"taxonomy":"post_tag","embeddable":true,"href":"http:\/\/erf.untz.ba\/web\/wp-json\/wp\/v2\/tags?post=2185"}],"curies":[{"name":"wp","href":"https:\/\/api.w.org\/{rel}","templated":true}]}}