{"id":2401,"date":"2021-10-17T23:08:33","date_gmt":"2021-10-17T23:08:33","guid":{"rendered":"http:\/\/erf.untz.ba\/web\/?p=2401"},"modified":"2021-10-17T23:08:33","modified_gmt":"2021-10-17T23:08:33","slug":"potpisan-memorandum-o-saradnji-u-cilju-rjesavanja-problema-maloljetnicke-delinkvencije","status":"publish","type":"post","link":"http:\/\/erf.untz.ba\/web\/potpisan-memorandum-o-saradnji-u-cilju-rjesavanja-problema-maloljetnicke-delinkvencije\/","title":{"rendered":"Potpisan memorandum o saradnji u cilju rje\u0161avanja problema maloljetni\u010dke delinkvencije"},"content":{"rendered":"<p style=\"text-align: justify;\"><span style=\"font-size: 14pt;\"><a href=\"http:\/\/erf.untz.ba\/web\/wp-content\/uploads\/2021\/10\/memorandum-foto222.jpg\"><img loading=\"lazy\" class=\"size-medium wp-image-2399 alignleft\" src=\"http:\/\/erf.untz.ba\/web\/wp-content\/uploads\/2021\/10\/memorandum-foto222-300x225.jpg\" alt=\"\" width=\"300\" height=\"225\" srcset=\"http:\/\/erf.untz.ba\/web\/wp-content\/uploads\/2021\/10\/memorandum-foto222-300x225.jpg 300w, http:\/\/erf.untz.ba\/web\/wp-content\/uploads\/2021\/10\/memorandum-foto222-768x576.jpg 768w, http:\/\/erf.untz.ba\/web\/wp-content\/uploads\/2021\/10\/memorandum-foto222-360x270.jpg 360w, http:\/\/erf.untz.ba\/web\/wp-content\/uploads\/2021\/10\/memorandum-foto222.jpg 800w\" sizes=\"(max-width: 300px) 100vw, 300px\" \/><\/a>U Ministarstvu za rad, socijalnu politiku i povratak Tuzlanskog kantona, 05.10.2021. potpisan je Memorandum o saradnji na projektu \u201eRazvoj saradnje <a href=\"http:\/\/erf.untz.ba\/web\/wp-content\/uploads\/2021\/10\/MEMORANDUM-3.jpg\"><img loading=\"lazy\" class=\"size-medium wp-image-2400 alignleft\" src=\"http:\/\/erf.untz.ba\/web\/wp-content\/uploads\/2021\/10\/MEMORANDUM-3-169x300.jpg\" alt=\"\" width=\"169\" height=\"300\" srcset=\"http:\/\/erf.untz.ba\/web\/wp-content\/uploads\/2021\/10\/MEMORANDUM-3-169x300.jpg 169w, http:\/\/erf.untz.ba\/web\/wp-content\/uploads\/2021\/10\/MEMORANDUM-3-768x1365.jpg 768w, http:\/\/erf.untz.ba\/web\/wp-content\/uploads\/2021\/10\/MEMORANDUM-3-576x1024.jpg 576w, http:\/\/erf.untz.ba\/web\/wp-content\/uploads\/2021\/10\/MEMORANDUM-3-152x270.jpg 152w, http:\/\/erf.untz.ba\/web\/wp-content\/uploads\/2021\/10\/MEMORANDUM-3.jpg 900w\" sizes=\"(max-width: 169px) 100vw, 169px\" \/><\/a>kroz sveobuhvatan pristup u oblasti maloljetni\u010dkog prijestupni\u0161tva&#8221; sa predstavnicima Edukacijsko \u2013 rehabilitacijskog fakulteta Univerziteta u Tuzli, JZU Univerzitetsko klini\u010dkog centra Tuzla, Udru\u017eenja gra\u0111ana &#8221;VIVE \u017dENE&#8221; Tuzla i JU Centar za socijalni rad Lukavac.<\/span><br \/>\n<span style=\"font-size: 14pt;\">Ispred Edukacijsko rehabilitacijskog fakulteta sastanku su prisustvovali Dr.sc.Zamir Mrkonji\u0107, red.prof., dekan fakultetai Dr.sc. Lejla Kurali\u0107-\u0106i\u0161i\u0107, van.prof, \u010dlan projektnog tima.<\/span><br \/>\n<span style=\"font-size: 14pt;\">Ovim je potvr\u0111ena dugogodi\u0161nja saradnja u oblasti psihosocijalne djelatnosti i nastavljen rad na sveobuhvatnoj prevenciji koja podrazumijeva ne samo rad sa mladim ljudima nego i sa porodicom, institucijom i \u0161kolom. Bitna determinanta ovog dokumenta jeste udru\u017eeno djelovanje na rje\u0161avanju problema maloljetni\u010dke delinkvencije i data je kruna na dugogodi\u0161nju saradnju interresornog tima u oblasti prevencije maloljeti\u010dkog prijestupni\u0161tva a kroz program je ura\u0111en i i mali pilot projekat u Centru za socijalni rad Lukavac gdje je novcem koji je prikupila ova interresorna grupa formirano savjetovali\u0161te za djecu i roditelje a u cilju sprje\u010davanja maloljetni\u010dke delinkvencije&#8221;. Projekat se realizira u skladu sa Programom prevencije, intervencija i resocijalizacije u oblasti maloljetni\u010dkog prijestupni\u0161tva u Tuzlanskom kantonu za period &#8217;20-&#8217;23. godine.<\/span><\/p>\n","protected":false},"excerpt":{"rendered":"<p>U Ministarstvu za rad, socijalnu politiku i povratak Tuzlanskog kantona, 05.10.2021. potpisan je Memorandum o saradnji na projektu \u201eRazvoj saradnje kroz sveobuhvatan pristup u oblasti maloljetni\u010dkog prijestupni\u0161tva&#8221; sa predstavnicima Edukacijsko \u2013 rehabilitacijskog fakulteta Univerziteta u Tuzli, JZU Univerzitetsko klini\u010dkog centra Tuzla, Udru\u017eenja gra\u0111ana &#8221;VIVE \u017dENE&#8221; Tuzla i JU Centar za socijalni rad Lukavac. Ispred Edukacijsko rehabilitacijskog fakulteta <a href=\"http:\/\/erf.untz.ba\/web\/potpisan-memorandum-o-saradnji-u-cilju-rjesavanja-problema-maloljetnicke-delinkvencije\/\" class=\"read-more\">Vi\u0161e&#8230;<\/a><\/p>\n","protected":false},"author":2,"featured_media":0,"comment_status":"open","ping_status":"open","sticky":false,"template":"","format":"standard","meta":[],"categories":[1],"tags":[],"_links":{"self":[{"href":"http:\/\/erf.untz.ba\/web\/wp-json\/wp\/v2\/posts\/2401"}],"collection":[{"href":"http:\/\/erf.untz.ba\/web\/wp-json\/wp\/v2\/posts"}],"about":[{"href":"http:\/\/erf.untz.ba\/web\/wp-json\/wp\/v2\/types\/post"}],"author":[{"embeddable":true,"href":"http:\/\/erf.untz.ba\/web\/wp-json\/wp\/v2\/users\/2"}],"replies":[{"embeddable":true,"href":"http:\/\/erf.untz.ba\/web\/wp-json\/wp\/v2\/comments?post=2401"}],"version-history":[{"count":0,"href":"http:\/\/erf.untz.ba\/web\/wp-json\/wp\/v2\/posts\/2401\/revisions"}],"wp:attachment":[{"href":"http:\/\/erf.untz.ba\/web\/wp-json\/wp\/v2\/media?parent=2401"}],"wp:term":[{"taxonomy":"category","embeddable":true,"href":"http:\/\/erf.untz.ba\/web\/wp-json\/wp\/v2\/categories?post=2401"},{"taxonomy":"post_tag","embeddable":true,"href":"http:\/\/erf.untz.ba\/web\/wp-json\/wp\/v2\/tags?post=2401"}],"curies":[{"name":"wp","href":"https:\/\/api.w.org\/{rel}","templated":true}]}}