{"id":2424,"date":"2021-10-19T11:49:40","date_gmt":"2021-10-19T11:49:40","guid":{"rendered":"http:\/\/erf.untz.ba\/web\/?p=2424"},"modified":"2021-10-19T11:49:40","modified_gmt":"2021-10-19T11:49:40","slug":"sporazum-o-saradnji-izmedu-edukacijsko-rehabilitacijskog-fakulteta-i-ju-dom-za-djecu-bez-roditeljskog-staranja","status":"publish","type":"post","link":"http:\/\/erf.untz.ba\/web\/sporazum-o-saradnji-izmedu-edukacijsko-rehabilitacijskog-fakulteta-i-ju-dom-za-djecu-bez-roditeljskog-staranja\/","title":{"rendered":"Sporazum o saradnji izme\u0111u Edukacijsko-rehabilitacijskog fakulteta i JU \u201eDom za djecu bez roditeljskog staranja\u201c"},"content":{"rendered":"<p style=\"text-align: justify;\"><span style=\"font-size: 14pt;\"><a href=\"http:\/\/erf.untz.ba\/web\/wp-content\/uploads\/2021\/10\/IMG-0e746e5e3de819634b173233da741dfe-V.jpg\"><img loading=\"lazy\" class=\"size-medium wp-image-2423 alignleft\" src=\"http:\/\/erf.untz.ba\/web\/wp-content\/uploads\/2021\/10\/IMG-0e746e5e3de819634b173233da741dfe-V-300x225.jpg\" alt=\"\" width=\"300\" height=\"225\" srcset=\"http:\/\/erf.untz.ba\/web\/wp-content\/uploads\/2021\/10\/IMG-0e746e5e3de819634b173233da741dfe-V-300x225.jpg 300w, http:\/\/erf.untz.ba\/web\/wp-content\/uploads\/2021\/10\/IMG-0e746e5e3de819634b173233da741dfe-V-768x576.jpg 768w, http:\/\/erf.untz.ba\/web\/wp-content\/uploads\/2021\/10\/IMG-0e746e5e3de819634b173233da741dfe-V-1024x768.jpg 1024w, http:\/\/erf.untz.ba\/web\/wp-content\/uploads\/2021\/10\/IMG-0e746e5e3de819634b173233da741dfe-V-360x270.jpg 360w, http:\/\/erf.untz.ba\/web\/wp-content\/uploads\/2021\/10\/IMG-0e746e5e3de819634b173233da741dfe-V.jpg 1280w\" sizes=\"(max-width: 300px) 100vw, 300px\" \/><\/a>Edukacijsko-rehabilitacijski fakultet ve\u0107 dugi niz godina sara\u0111uje sa JU \u201eDom za djecu bez roditeljskog staranja\u201c Tuzla koji je nau\u010dno-nastavna baza za studente na\u0161eg fakulteta. Tim povodom u JU \u201eDom za djecu bez roditeljskog staranja\u201c odr\u017ean je sastanak sa predstavnicima Edukacijsko-rehabilitacijskog fakulteta. Sastanku su prisustvovali Amir Muharemovi\u0107, direktor Doma za djecu bez roditeljskog staranja, MA Mirela Memi\u0107, stru\u010dni saradnik,\u00a0\u00a0 Voditelj odsjeka Poreme\u0107aji u pona\u0161anju dr.sc.Edin Mufti\u0107, vanredni profesor\u00a0 i dr.sc.Adela Jahi\u0107, vi\u0161i asistent.<\/span><\/p>\n<p style=\"text-align: justify;\"><span style=\"font-size: 14pt;\">Na sastanku je dogovorena\u00a0 realizacija vje\u017ebi za studente tre\u0107e godine odsjeka Poreme\u0107aji u pona\u0161anju u okviru predmeta \u201eTretman djece i mladih sa poreme\u0107ajima u pona\u0161anju\u201c, te je uprili\u010deno revidiranje Sporazuma o saradnji izme\u0111u dvije institucije.<\/span><\/p>\n<p style=\"text-align: justify;\"><span style=\"font-size: 14pt;\">U okviru potpisanog Sporazuma saradnja \u0107e se realizovati kroz razmjenu informacija u oblasti podr\u0161ke osobama kroz sprovo\u0111enje stru\u010dno-dijagnosti\u010dkog opservacionog\u00a0 tretmana maloljetnika sa problemima u pona\u0161anju, aktivnosti u cilju preveniranja problema u pona\u0161anju,\u00a0 implementacija zajedni\u010dkih projekata na svim nivoima,\u00a0 te druge aktivnosti od zajedni\u010dkog interesa.<\/span><\/p>\n","protected":false},"excerpt":{"rendered":"<p>Edukacijsko-rehabilitacijski fakultet ve\u0107 dugi niz godina sara\u0111uje sa JU \u201eDom za djecu bez roditeljskog staranja\u201c Tuzla koji je nau\u010dno-nastavna baza za studente na\u0161eg fakulteta. Tim povodom u JU \u201eDom za djecu bez roditeljskog staranja\u201c odr\u017ean je sastanak sa predstavnicima Edukacijsko-rehabilitacijskog fakulteta. Sastanku su prisustvovali Amir Muharemovi\u0107, direktor Doma za djecu bez roditeljskog staranja, MA Mirela Memi\u0107, stru\u010dni <a href=\"http:\/\/erf.untz.ba\/web\/sporazum-o-saradnji-izmedu-edukacijsko-rehabilitacijskog-fakulteta-i-ju-dom-za-djecu-bez-roditeljskog-staranja\/\" class=\"read-more\">Vi\u0161e&#8230;<\/a><\/p>\n","protected":false},"author":2,"featured_media":0,"comment_status":"open","ping_status":"open","sticky":false,"template":"","format":"standard","meta":[],"categories":[1],"tags":[],"_links":{"self":[{"href":"http:\/\/erf.untz.ba\/web\/wp-json\/wp\/v2\/posts\/2424"}],"collection":[{"href":"http:\/\/erf.untz.ba\/web\/wp-json\/wp\/v2\/posts"}],"about":[{"href":"http:\/\/erf.untz.ba\/web\/wp-json\/wp\/v2\/types\/post"}],"author":[{"embeddable":true,"href":"http:\/\/erf.untz.ba\/web\/wp-json\/wp\/v2\/users\/2"}],"replies":[{"embeddable":true,"href":"http:\/\/erf.untz.ba\/web\/wp-json\/wp\/v2\/comments?post=2424"}],"version-history":[{"count":0,"href":"http:\/\/erf.untz.ba\/web\/wp-json\/wp\/v2\/posts\/2424\/revisions"}],"wp:attachment":[{"href":"http:\/\/erf.untz.ba\/web\/wp-json\/wp\/v2\/media?parent=2424"}],"wp:term":[{"taxonomy":"category","embeddable":true,"href":"http:\/\/erf.untz.ba\/web\/wp-json\/wp\/v2\/categories?post=2424"},{"taxonomy":"post_tag","embeddable":true,"href":"http:\/\/erf.untz.ba\/web\/wp-json\/wp\/v2\/tags?post=2424"}],"curies":[{"name":"wp","href":"https:\/\/api.w.org\/{rel}","templated":true}]}}