{"id":2434,"date":"2021-10-27T10:47:17","date_gmt":"2021-10-27T10:47:17","guid":{"rendered":"http:\/\/erf.untz.ba\/web\/?p=2434"},"modified":"2021-10-27T10:47:17","modified_gmt":"2021-10-27T10:47:17","slug":"posjeta-odgojnom-centru-tk","status":"publish","type":"post","link":"http:\/\/erf.untz.ba\/web\/posjeta-odgojnom-centru-tk\/","title":{"rendered":"POSJETA ODGOJNOM CENTRU TK"},"content":{"rendered":"<p style=\"text-align: justify;\"><span style=\"font-size: 14pt;\"><a href=\"http:\/\/erf.untz.ba\/web\/wp-content\/uploads\/2021\/10\/IMG-60e4b1b0a14586fb790317548a3f4669-V-1.jpg\"><img loading=\"lazy\" class=\"size-medium wp-image-2433 alignleft\" src=\"http:\/\/erf.untz.ba\/web\/wp-content\/uploads\/2021\/10\/IMG-60e4b1b0a14586fb790317548a3f4669-V-1-300x225.jpg\" alt=\"\" width=\"300\" height=\"225\" srcset=\"http:\/\/erf.untz.ba\/web\/wp-content\/uploads\/2021\/10\/IMG-60e4b1b0a14586fb790317548a3f4669-V-1-300x225.jpg 300w, http:\/\/erf.untz.ba\/web\/wp-content\/uploads\/2021\/10\/IMG-60e4b1b0a14586fb790317548a3f4669-V-1-768x576.jpg 768w, http:\/\/erf.untz.ba\/web\/wp-content\/uploads\/2021\/10\/IMG-60e4b1b0a14586fb790317548a3f4669-V-1-1024x768.jpg 1024w, http:\/\/erf.untz.ba\/web\/wp-content\/uploads\/2021\/10\/IMG-60e4b1b0a14586fb790317548a3f4669-V-1-360x270.jpg 360w, http:\/\/erf.untz.ba\/web\/wp-content\/uploads\/2021\/10\/IMG-60e4b1b0a14586fb790317548a3f4669-V-1.jpg 1280w\" sizes=\"(max-width: 300px) 100vw, 300px\" \/><\/a>U utorak, 19.10.2021. godine, uprili\u010dena je posjeta JU Odgojni centar \u00a0TK u okviru koje su odr\u017eana dva sastanka.\u00a0 Sastanak sa predstavnicima Odgojnog centra: direktorom Zlatkom Ledi\u0107em i mr.sc.Emirom Huski\u0107em, stru\u010dnim saradnikom, imao je za cilj nastavak saradnje izme\u0111u dvije institucije. Odgojni centar je nau\u010dno-nastavna baza za studente Edukacijsko-rehabilitacijskog fakulteta, odsjeka Poreme\u0107aji u pona\u0161anju. Dogovorena je realizacija studijskih posjeta i laboratorijskih vje\u017ebi za studente \u010detvrte godine odsjeka Poreme\u0107aji u pona\u0161anju u okviru predmeta Individualni rad u zajednici i Socijalnopedago\u0161ki rad sa maloljetnim delinkventima.\u00a0 Dogovoreno je i uklju\u010divanje studenata u preventivne aktivnosti koje Odgoni centar realizuje na podru\u010dju Tuzlanskog kantona. Sa Edukacijsko-rehabilitacijskog fakulteta \u00a0sastanku su \u00a0prisustvovali dr.sc.Edina Kuduzovi\u0107, prodekanica za nastavu i studentska pitanja, dr.sc.Edin Mufti\u0107, voditelj odsjeka Poreme\u0107aji u pona\u0161anju i dr.sc.Adela Jahi\u0107, vi\u0161i asistent. Na drugom sastanku bili su prisutni i gosti iz Odgonog centra Kantona Sarajevo, gdje je razgovarano u budu\u0107oj saradnji izme\u0111u institucija.<\/span><\/p>\n","protected":false},"excerpt":{"rendered":"<p>U utorak, 19.10.2021. godine, uprili\u010dena je posjeta JU Odgojni centar \u00a0TK u okviru koje su odr\u017eana dva sastanka.\u00a0 Sastanak sa predstavnicima Odgojnog centra: direktorom Zlatkom Ledi\u0107em i mr.sc.Emirom Huski\u0107em, stru\u010dnim saradnikom, imao je za cilj nastavak saradnje izme\u0111u dvije institucije. Odgojni centar je nau\u010dno-nastavna baza za studente Edukacijsko-rehabilitacijskog fakulteta, odsjeka Poreme\u0107aji u pona\u0161anju. Dogovorena je realizacija studijskih <a href=\"http:\/\/erf.untz.ba\/web\/posjeta-odgojnom-centru-tk\/\" class=\"read-more\">Vi\u0161e&#8230;<\/a><\/p>\n","protected":false},"author":2,"featured_media":0,"comment_status":"open","ping_status":"open","sticky":false,"template":"","format":"standard","meta":[],"categories":[1],"tags":[],"_links":{"self":[{"href":"http:\/\/erf.untz.ba\/web\/wp-json\/wp\/v2\/posts\/2434"}],"collection":[{"href":"http:\/\/erf.untz.ba\/web\/wp-json\/wp\/v2\/posts"}],"about":[{"href":"http:\/\/erf.untz.ba\/web\/wp-json\/wp\/v2\/types\/post"}],"author":[{"embeddable":true,"href":"http:\/\/erf.untz.ba\/web\/wp-json\/wp\/v2\/users\/2"}],"replies":[{"embeddable":true,"href":"http:\/\/erf.untz.ba\/web\/wp-json\/wp\/v2\/comments?post=2434"}],"version-history":[{"count":0,"href":"http:\/\/erf.untz.ba\/web\/wp-json\/wp\/v2\/posts\/2434\/revisions"}],"wp:attachment":[{"href":"http:\/\/erf.untz.ba\/web\/wp-json\/wp\/v2\/media?parent=2434"}],"wp:term":[{"taxonomy":"category","embeddable":true,"href":"http:\/\/erf.untz.ba\/web\/wp-json\/wp\/v2\/categories?post=2434"},{"taxonomy":"post_tag","embeddable":true,"href":"http:\/\/erf.untz.ba\/web\/wp-json\/wp\/v2\/tags?post=2434"}],"curies":[{"name":"wp","href":"https:\/\/api.w.org\/{rel}","templated":true}]}}