{"id":2439,"date":"2021-11-04T12:27:57","date_gmt":"2021-11-04T12:27:57","guid":{"rendered":"http:\/\/erf.untz.ba\/web\/?p=2439"},"modified":"2021-11-04T12:27:57","modified_gmt":"2021-11-04T12:27:57","slug":"studijska-posjeta-kazneno-popravnom-zavodu-orasje","status":"publish","type":"post","link":"http:\/\/erf.untz.ba\/web\/studijska-posjeta-kazneno-popravnom-zavodu-orasje\/","title":{"rendered":"STUDIJSKA POSJETA KAZNENO-POPRAVNOM ZAVODU ORA\u0160JE"},"content":{"rendered":"<p style=\"text-align: justify;\"><span style=\"font-size: 14pt;\">Dana, 2<img loading=\"lazy\" class=\"size-medium wp-image-2437 alignleft\" src=\"http:\/\/erf.untz.ba\/web\/wp-content\/uploads\/2021\/11\/IMG-aa29487f4ea9692aba9d3fc5d9982d65-V-300x165.jpg\" alt=\"\" width=\"300\" height=\"165\" srcset=\"http:\/\/erf.untz.ba\/web\/wp-content\/uploads\/2021\/11\/IMG-aa29487f4ea9692aba9d3fc5d9982d65-V-300x165.jpg 300w, http:\/\/erf.untz.ba\/web\/wp-content\/uploads\/2021\/11\/IMG-aa29487f4ea9692aba9d3fc5d9982d65-V-768x424.jpg 768w, http:\/\/erf.untz.ba\/web\/wp-content\/uploads\/2021\/11\/IMG-aa29487f4ea9692aba9d3fc5d9982d65-V-1024x565.jpg 1024w, http:\/\/erf.untz.ba\/web\/wp-content\/uploads\/2021\/11\/IMG-aa29487f4ea9692aba9d3fc5d9982d65-V-360x199.jpg 360w, http:\/\/erf.untz.ba\/web\/wp-content\/uploads\/2021\/11\/IMG-aa29487f4ea9692aba9d3fc5d9982d65-V.jpg 1280w\" sizes=\"(max-width: 300px) 100vw, 300px\" \/>8.10.2021. godine, studenti tre\u0107e i \u010detvrte godine odsjeka Poreme\u0107aji u pona\u0161anju boravili su u studijskoj posjeti u Kazneno-popravnom zavodu poluotvorenog tipa Ora\u0161je. U okviru Kazeno-popravnog zavoda studenti su imali priliku upoznati se sa radom i organizacijom Odgojno-popravnog doma i Maloljetni\u010dkog zatvora, kao i tretmanskim aspektom izvr\u0161enja zavodske odgojne mjere i kazne maloljetni\u010dkog zatvora\u00a0 kroz neposredan razgovor sa odgajateljima i maloljetnim po\u010diniocima krivi\u010dnih djela. Obzirom na neprocjenjivo iskustvo za studente tokom cjelodnevnog boravka u instituciji zahvaljujemo se na vrhunskoj organizaciji i saradnji menad\u017ementu i odgajateljima Kazneno-popravnog zavoda Ora\u0161je. U pratnji studenata sa Edukacijsko-rehabilitacijskog\u00a0fakulteta bili su: dr.sc. Edin Mufti\u0107, vanredni profesor, dr.sc.Lejla Kurali\u0107-\u010ci\u0161i\u0107, vanredni profesor i dr.sc. Adela Jahi\u0107, vi\u0161i asistent.<\/span><\/p>\n","protected":false},"excerpt":{"rendered":"<p>Dana, 28.10.2021. godine, studenti tre\u0107e i \u010detvrte godine odsjeka Poreme\u0107aji u pona\u0161anju boravili su u studijskoj posjeti u Kazneno-popravnom zavodu poluotvorenog tipa Ora\u0161je. U okviru Kazeno-popravnog zavoda studenti su imali priliku upoznati se sa radom i organizacijom Odgojno-popravnog doma i Maloljetni\u010dkog zatvora, kao i tretmanskim aspektom izvr\u0161enja zavodske odgojne mjere i kazne maloljetni\u010dkog zatvora\u00a0 kroz neposredan razgovor <a href=\"http:\/\/erf.untz.ba\/web\/studijska-posjeta-kazneno-popravnom-zavodu-orasje\/\" class=\"read-more\">Vi\u0161e&#8230;<\/a><\/p>\n","protected":false},"author":2,"featured_media":0,"comment_status":"open","ping_status":"open","sticky":false,"template":"","format":"standard","meta":[],"categories":[1],"tags":[],"_links":{"self":[{"href":"http:\/\/erf.untz.ba\/web\/wp-json\/wp\/v2\/posts\/2439"}],"collection":[{"href":"http:\/\/erf.untz.ba\/web\/wp-json\/wp\/v2\/posts"}],"about":[{"href":"http:\/\/erf.untz.ba\/web\/wp-json\/wp\/v2\/types\/post"}],"author":[{"embeddable":true,"href":"http:\/\/erf.untz.ba\/web\/wp-json\/wp\/v2\/users\/2"}],"replies":[{"embeddable":true,"href":"http:\/\/erf.untz.ba\/web\/wp-json\/wp\/v2\/comments?post=2439"}],"version-history":[{"count":0,"href":"http:\/\/erf.untz.ba\/web\/wp-json\/wp\/v2\/posts\/2439\/revisions"}],"wp:attachment":[{"href":"http:\/\/erf.untz.ba\/web\/wp-json\/wp\/v2\/media?parent=2439"}],"wp:term":[{"taxonomy":"category","embeddable":true,"href":"http:\/\/erf.untz.ba\/web\/wp-json\/wp\/v2\/categories?post=2439"},{"taxonomy":"post_tag","embeddable":true,"href":"http:\/\/erf.untz.ba\/web\/wp-json\/wp\/v2\/tags?post=2439"}],"curies":[{"name":"wp","href":"https:\/\/api.w.org\/{rel}","templated":true}]}}