{"id":2447,"date":"2021-11-18T20:02:46","date_gmt":"2021-11-18T20:02:46","guid":{"rendered":"http:\/\/erf.untz.ba\/web\/?p=2447"},"modified":"2021-11-18T20:02:46","modified_gmt":"2021-11-18T20:02:46","slug":"studijska-posjeta-sarajevo","status":"publish","type":"post","link":"http:\/\/erf.untz.ba\/web\/studijska-posjeta-sarajevo\/","title":{"rendered":"Studijska posjeta Sarajevo"},"content":{"rendered":"<p style=\"text-align: justify;\"><span style=\"font-size: 14pt;\"><a href=\"http:\/\/erf.untz.ba\/web\/wp-content\/uploads\/2021\/11\/20211112_185323.jpg\"><img loading=\"lazy\" class=\"size-medium wp-image-2445 alignleft\" src=\"http:\/\/erf.untz.ba\/web\/wp-content\/uploads\/2021\/11\/20211112_185323-300x225.jpg\" alt=\"\" width=\"300\" height=\"225\" srcset=\"http:\/\/erf.untz.ba\/web\/wp-content\/uploads\/2021\/11\/20211112_185323-300x225.jpg 300w, http:\/\/erf.untz.ba\/web\/wp-content\/uploads\/2021\/11\/20211112_185323-768x576.jpg 768w, http:\/\/erf.untz.ba\/web\/wp-content\/uploads\/2021\/11\/20211112_185323-1024x768.jpg 1024w, http:\/\/erf.untz.ba\/web\/wp-content\/uploads\/2021\/11\/20211112_185323-360x270.jpg 360w\" sizes=\"(max-width: 300px) 100vw, 300px\" \/><\/a>Studenti \u010detvrte godine Edukacijskko-rehabilitacijskog fakulteta, sa sva tri odsjeka, su u petak 12.11.2021. godine su posjetili: Centar za odgoj, obrazovanje i rehabilitaciju \u201eVladimir \u00a0Nazor\u201c,\u00a0 JU \u0160kola za srednje stru\u010dno obrazovanje i radno osposobljavanje, JU Zavod za specijalno obrazovanje i odgoj djece \u201eMjedenica\u201c.<\/span><\/p>\n<p style=\"text-align: justify;\"><span style=\"font-size: 14pt;\">Studenti su se upoznali sa organizacijom i na\u010dinom rada institucija kroz organizaciju nastavnog procesa i rad kabineta te su prisustvovali edukativno-stru\u010dnim aktivnostima prema predmetu interesovanja.<\/span><\/p>\n<p style=\"text-align: justify;\"><span style=\"font-size: 14pt;\"><a href=\"http:\/\/erf.untz.ba\/web\/wp-content\/uploads\/2021\/11\/20211112_120116.jpg\"><img loading=\"lazy\" class=\"size-medium wp-image-2446 alignleft\" src=\"http:\/\/erf.untz.ba\/web\/wp-content\/uploads\/2021\/11\/20211112_120116-300x225.jpg\" alt=\"\" width=\"300\" height=\"225\" srcset=\"http:\/\/erf.untz.ba\/web\/wp-content\/uploads\/2021\/11\/20211112_120116-300x225.jpg 300w, http:\/\/erf.untz.ba\/web\/wp-content\/uploads\/2021\/11\/20211112_120116-768x576.jpg 768w, http:\/\/erf.untz.ba\/web\/wp-content\/uploads\/2021\/11\/20211112_120116-1024x768.jpg 1024w, http:\/\/erf.untz.ba\/web\/wp-content\/uploads\/2021\/11\/20211112_120116-360x270.jpg 360w\" sizes=\"(max-width: 300px) 100vw, 300px\" \/><\/a>U pratnji studenata i\u0161le su dr.sci. Amela Ibrahimagi\u0107, redovna profesorica, dr.sci. Hurma Begi\u0107, vi\u0161a asistentica i dr.sci. Adela Jahi\u0107, vi\u0161a asistentica.<\/span><\/p>\n","protected":false},"excerpt":{"rendered":"<p>Studenti \u010detvrte godine Edukacijskko-rehabilitacijskog fakulteta, sa sva tri odsjeka, su u petak 12.11.2021. godine su posjetili: Centar za odgoj, obrazovanje i rehabilitaciju \u201eVladimir \u00a0Nazor\u201c,\u00a0 JU \u0160kola za srednje stru\u010dno obrazovanje i radno osposobljavanje, JU Zavod za specijalno obrazovanje i odgoj djece \u201eMjedenica\u201c. Studenti su se upoznali sa organizacijom i na\u010dinom rada institucija kroz organizaciju nastavnog procesa i <a href=\"http:\/\/erf.untz.ba\/web\/studijska-posjeta-sarajevo\/\" class=\"read-more\">Vi\u0161e&#8230;<\/a><\/p>\n","protected":false},"author":2,"featured_media":0,"comment_status":"open","ping_status":"open","sticky":false,"template":"","format":"standard","meta":[],"categories":[1],"tags":[],"_links":{"self":[{"href":"http:\/\/erf.untz.ba\/web\/wp-json\/wp\/v2\/posts\/2447"}],"collection":[{"href":"http:\/\/erf.untz.ba\/web\/wp-json\/wp\/v2\/posts"}],"about":[{"href":"http:\/\/erf.untz.ba\/web\/wp-json\/wp\/v2\/types\/post"}],"author":[{"embeddable":true,"href":"http:\/\/erf.untz.ba\/web\/wp-json\/wp\/v2\/users\/2"}],"replies":[{"embeddable":true,"href":"http:\/\/erf.untz.ba\/web\/wp-json\/wp\/v2\/comments?post=2447"}],"version-history":[{"count":0,"href":"http:\/\/erf.untz.ba\/web\/wp-json\/wp\/v2\/posts\/2447\/revisions"}],"wp:attachment":[{"href":"http:\/\/erf.untz.ba\/web\/wp-json\/wp\/v2\/media?parent=2447"}],"wp:term":[{"taxonomy":"category","embeddable":true,"href":"http:\/\/erf.untz.ba\/web\/wp-json\/wp\/v2\/categories?post=2447"},{"taxonomy":"post_tag","embeddable":true,"href":"http:\/\/erf.untz.ba\/web\/wp-json\/wp\/v2\/tags?post=2447"}],"curies":[{"name":"wp","href":"https:\/\/api.w.org\/{rel}","templated":true}]}}