{"id":2472,"date":"2021-12-06T10:00:39","date_gmt":"2021-12-06T10:00:39","guid":{"rendered":"http:\/\/erf.untz.ba\/web\/?p=2472"},"modified":"2021-12-06T10:00:39","modified_gmt":"2021-12-06T10:00:39","slug":"povodom-3-decembra-odrzano-predavanje-za-clanove-vijeca-roditelja-os-solina","status":"publish","type":"post","link":"http:\/\/erf.untz.ba\/web\/povodom-3-decembra-odrzano-predavanje-za-clanove-vijeca-roditelja-os-solina\/","title":{"rendered":"Povodom 3.decembra odr\u017eano predavanje za \u010dlanove Vije\u0107a roditelja O\u0160 \u201cSolina\u201d"},"content":{"rendered":"<div dir=\"auto\" style=\"text-align: justify;\"><span style=\"font-size: 14pt;\"><a href=\"http:\/\/erf.untz.ba\/web\/wp-content\/uploads\/2021\/12\/262812425_271658418334353_468273072699707070_n.jpg\"><img loading=\"lazy\" class=\"size-medium wp-image-2471 alignleft\" src=\"http:\/\/erf.untz.ba\/web\/wp-content\/uploads\/2021\/12\/262812425_271658418334353_468273072699707070_n-300x169.jpg\" alt=\"\" width=\"300\" height=\"169\" srcset=\"http:\/\/erf.untz.ba\/web\/wp-content\/uploads\/2021\/12\/262812425_271658418334353_468273072699707070_n-300x169.jpg 300w, http:\/\/erf.untz.ba\/web\/wp-content\/uploads\/2021\/12\/262812425_271658418334353_468273072699707070_n-768x432.jpg 768w, http:\/\/erf.untz.ba\/web\/wp-content\/uploads\/2021\/12\/262812425_271658418334353_468273072699707070_n-360x203.jpg 360w, http:\/\/erf.untz.ba\/web\/wp-content\/uploads\/2021\/12\/262812425_271658418334353_468273072699707070_n.jpg 960w\" sizes=\"(max-width: 300px) 100vw, 300px\" \/><\/a>Povodom 3. decembra Me\u0111unarodnog dana osoba sa invaliditetom u JU O\u0160 &#8220;Solina&#8221; Tuzla, na poziv direktorice \u0161kole Merite Horozi\u0107 odr\u017eano je predavanje za \u010dlanove Vije\u0107a roditelja od strane profesora sa Edukacijsko &#8211; rehabilitacijskog fakulteta doc.dr.sci Senada Mehmedinovi\u0107a.<\/span><\/div>\n<div dir=\"auto\" style=\"text-align: justify;\"><span style=\"font-size: 14pt;\">Prof. Senad je naglasio bitnost prepoznavanja i po\u0161tivanja razli\u010ditosti i potrebe za pru\u017eanjem jednakih mogu\u0107nosti za obrazovanjem, porodicu, zapo\u0161ljavanje, dom i zdravlje.<\/span><\/div>\n<div dir=\"auto\" style=\"text-align: justify;\">\n<div class=\"o9v6fnle cxmmr5t8 oygrvhab hcukyx3x c1et5uql ii04i59q\">\n<div dir=\"auto\"><span style=\"font-size: 14pt;\"><a href=\"http:\/\/erf.untz.ba\/web\/wp-content\/uploads\/2021\/12\/263710698_271658505001011_6928635292436255520_n.jpg\"><img loading=\"lazy\" class=\"size-medium wp-image-2469 alignleft\" src=\"http:\/\/erf.untz.ba\/web\/wp-content\/uploads\/2021\/12\/263710698_271658505001011_6928635292436255520_n-300x224.jpg\" alt=\"\" width=\"300\" height=\"224\" srcset=\"http:\/\/erf.untz.ba\/web\/wp-content\/uploads\/2021\/12\/263710698_271658505001011_6928635292436255520_n-300x224.jpg 300w, http:\/\/erf.untz.ba\/web\/wp-content\/uploads\/2021\/12\/263710698_271658505001011_6928635292436255520_n-768x574.jpg 768w, http:\/\/erf.untz.ba\/web\/wp-content\/uploads\/2021\/12\/263710698_271658505001011_6928635292436255520_n-360x270.jpg 360w, http:\/\/erf.untz.ba\/web\/wp-content\/uploads\/2021\/12\/263710698_271658505001011_6928635292436255520_n.jpg 960w\" sizes=\"(max-width: 300px) 100vw, 300px\" \/><\/a>Predstavnici Vije\u0107a roditelja mogli su na direktnim primjerima iz prakse da se upoznaju sa problemima sa kojima se susre\u0107u osobe sa invaliditetom.<\/span><\/div>\n<div dir=\"auto\"><span style=\"font-size: 14pt;\">Tokom izlaganja prof. Mehmedinovi\u0107 je koristio pozitivne ali i one manje pozitivne primjere kako bi do\u010darao \u017eivotni put i zna\u010daj prihvatanja ovih osoba u \u0161iru dru\u0161tvenu zajednicu. Skrenuo je pa\u017enju na promoviranje razumijevanja problema invaliditeta i mobilisanja podr\u0161ke za dostojanstvo, prava i dobrobit osoba sa invaliditetom. Cilj je potpuno i jednako u\u017eivanje ljudskih prava i u\u010de\u0161\u0107a u dru\u0161tvu. Roditelji su pokazali veliki interes za tematiku ali i potrebu za \u010de\u0161\u0107im edukacijama, a sve u interesu dobrobiti djeteta.<\/span><\/div>\n<div dir=\"auto\"><a href=\"http:\/\/erf.untz.ba\/web\/wp-content\/uploads\/2021\/12\/264012709_271658458334349_1385765330928961228_n.jpg\"><img loading=\"lazy\" class=\"size-medium wp-image-2470 alignleft\" src=\"http:\/\/erf.untz.ba\/web\/wp-content\/uploads\/2021\/12\/264012709_271658458334349_1385765330928961228_n-300x224.jpg\" alt=\"\" width=\"300\" height=\"224\" srcset=\"http:\/\/erf.untz.ba\/web\/wp-content\/uploads\/2021\/12\/264012709_271658458334349_1385765330928961228_n-300x224.jpg 300w, http:\/\/erf.untz.ba\/web\/wp-content\/uploads\/2021\/12\/264012709_271658458334349_1385765330928961228_n-768x574.jpg 768w, http:\/\/erf.untz.ba\/web\/wp-content\/uploads\/2021\/12\/264012709_271658458334349_1385765330928961228_n-360x270.jpg 360w, http:\/\/erf.untz.ba\/web\/wp-content\/uploads\/2021\/12\/264012709_271658458334349_1385765330928961228_n.jpg 960w\" sizes=\"(max-width: 300px) 100vw, 300px\" \/><\/a><\/div>\n<\/div>\n<div class=\"o9v6fnle cxmmr5t8 oygrvhab hcukyx3x c1et5uql ii04i59q\">\n<div dir=\"auto\"><span style=\"font-size: 14pt;\">Preuzeto sa facebook bhreporter.ba<\/span><\/div>\n<\/div>\n<\/div>\n<div dir=\"auto\" style=\"text-align: justify;\"><\/div>\n<div dir=\"auto\" style=\"text-align: justify;\"><\/div>\n","protected":false},"excerpt":{"rendered":"<p>Povodom 3. decembra Me\u0111unarodnog dana osoba sa invaliditetom u JU O\u0160 &#8220;Solina&#8221; Tuzla, na poziv direktorice \u0161kole Merite Horozi\u0107 odr\u017eano je predavanje za \u010dlanove Vije\u0107a roditelja od strane profesora sa Edukacijsko &#8211; rehabilitacijskog fakulteta doc.dr.sci Senada Mehmedinovi\u0107a. Prof. Senad je naglasio bitnost prepoznavanja i po\u0161tivanja razli\u010ditosti i potrebe za pru\u017eanjem jednakih mogu\u0107nosti za obrazovanjem, porodicu, zapo\u0161ljavanje, dom <a href=\"http:\/\/erf.untz.ba\/web\/povodom-3-decembra-odrzano-predavanje-za-clanove-vijeca-roditelja-os-solina\/\" class=\"read-more\">Vi\u0161e&#8230;<\/a><\/p>\n","protected":false},"author":2,"featured_media":0,"comment_status":"open","ping_status":"open","sticky":false,"template":"","format":"standard","meta":[],"categories":[1],"tags":[],"_links":{"self":[{"href":"http:\/\/erf.untz.ba\/web\/wp-json\/wp\/v2\/posts\/2472"}],"collection":[{"href":"http:\/\/erf.untz.ba\/web\/wp-json\/wp\/v2\/posts"}],"about":[{"href":"http:\/\/erf.untz.ba\/web\/wp-json\/wp\/v2\/types\/post"}],"author":[{"embeddable":true,"href":"http:\/\/erf.untz.ba\/web\/wp-json\/wp\/v2\/users\/2"}],"replies":[{"embeddable":true,"href":"http:\/\/erf.untz.ba\/web\/wp-json\/wp\/v2\/comments?post=2472"}],"version-history":[{"count":0,"href":"http:\/\/erf.untz.ba\/web\/wp-json\/wp\/v2\/posts\/2472\/revisions"}],"wp:attachment":[{"href":"http:\/\/erf.untz.ba\/web\/wp-json\/wp\/v2\/media?parent=2472"}],"wp:term":[{"taxonomy":"category","embeddable":true,"href":"http:\/\/erf.untz.ba\/web\/wp-json\/wp\/v2\/categories?post=2472"},{"taxonomy":"post_tag","embeddable":true,"href":"http:\/\/erf.untz.ba\/web\/wp-json\/wp\/v2\/tags?post=2472"}],"curies":[{"name":"wp","href":"https:\/\/api.w.org\/{rel}","templated":true}]}}