{"id":2818,"date":"2022-05-11T22:05:07","date_gmt":"2022-05-11T22:05:07","guid":{"rendered":"http:\/\/erf.untz.ba\/web\/?p=2818"},"modified":"2022-06-06T11:45:10","modified_gmt":"2022-06-06T11:45:10","slug":"posjeta-svedskoj","status":"publish","type":"post","link":"http:\/\/erf.untz.ba\/web\/posjeta-svedskoj\/","title":{"rendered":"Posjeta \u0160vedskoj"},"content":{"rendered":"\n<blockquote class=\"wp-block-quote\" style=\"font-size:26px\"><p>U periodu od 08.05 &#8211; 12.05.2022. godine prodekan za nastavu i studentska pitanja prof.dr.Edina Kuduzovi\u0107, doc.dr.sci.Senad Mehmedinovi\u0107, pomo\u010dnik generalnog sekretara Univerziteta u Tuzli Senada Karajbi\u0107 i saradnik u zvanju asistenta na Edukacijsko-rehabilitacijskim fakultetu Benjamin Avdi\u0107 boravili su u \u0160vedskoj. Posjeta je bila u sklopu projekta \u201cSocial and Emotional Skills Development in Early Childhood Education and Care in Europe\u201d (EU-SELF). U sklopu posjete, odr\u017eani su treninzi, te su prezentirane aktivnosti razvoja socio-emocionalnog programa. Tako\u0111er, prisutnima je prezentirana organizavija pred\u0161kolskog obrazovanja u \u0160vedskoj, kao i program pod nazivom &#8221; Zajednice koje brinu&#8221;. U toku posjete bila je organizovana posjeta pred\u0161kolskoj ustanovi u Malmeu, te je prezentovana strategija socijalnog razvoja.<\/p><\/blockquote>\n\n\n\n<figure class=\"wp-block-gallery has-nested-images columns-4 is-cropped\">\n<figure class=\"wp-block-image size-large\"><a href=\"http:\/\/erf.untz.ba\/web\/wp-content\/uploads\/2022\/05\/IMG-182743d97c268bfa5d3f0afb8a1a7bad-V-2.jpg\"><img loading=\"lazy\" width=\"576\" height=\"1024\" data-id=\"2823\"  src=\"http:\/\/erf.untz.ba\/web\/wp-content\/uploads\/2022\/05\/IMG-182743d97c268bfa5d3f0afb8a1a7bad-V-2-576x1024.jpg\" alt=\"\" class=\"wp-image-2823\" srcset=\"http:\/\/erf.untz.ba\/web\/wp-content\/uploads\/2022\/05\/IMG-182743d97c268bfa5d3f0afb8a1a7bad-V-2-576x1024.jpg 576w, http:\/\/erf.untz.ba\/web\/wp-content\/uploads\/2022\/05\/IMG-182743d97c268bfa5d3f0afb8a1a7bad-V-2-169x300.jpg 169w, http:\/\/erf.untz.ba\/web\/wp-content\/uploads\/2022\/05\/IMG-182743d97c268bfa5d3f0afb8a1a7bad-V-2-768x1365.jpg 768w, http:\/\/erf.untz.ba\/web\/wp-content\/uploads\/2022\/05\/IMG-182743d97c268bfa5d3f0afb8a1a7bad-V-2-864x1536.jpg 864w, http:\/\/erf.untz.ba\/web\/wp-content\/uploads\/2022\/05\/IMG-182743d97c268bfa5d3f0afb8a1a7bad-V-2-152x270.jpg 152w, http:\/\/erf.untz.ba\/web\/wp-content\/uploads\/2022\/05\/IMG-182743d97c268bfa5d3f0afb8a1a7bad-V-2.jpg 900w\" sizes=\"(max-width: 576px) 100vw, 576px\" \/><\/a><\/figure>\n\n\n\n<figure class=\"wp-block-image size-large\"><a href=\"http:\/\/erf.untz.ba\/web\/wp-content\/uploads\/2022\/05\/IMG-239a6866a747c05eecc45794a2c6e34f-V-2.jpg\"><img loading=\"lazy\" width=\"1024\" height=\"576\" data-id=\"2824\"  src=\"http:\/\/erf.untz.ba\/web\/wp-content\/uploads\/2022\/05\/IMG-239a6866a747c05eecc45794a2c6e34f-V-2-1024x576.jpg\" alt=\"\" class=\"wp-image-2824\" srcset=\"http:\/\/erf.untz.ba\/web\/wp-content\/uploads\/2022\/05\/IMG-239a6866a747c05eecc45794a2c6e34f-V-2-1024x576.jpg 1024w, http:\/\/erf.untz.ba\/web\/wp-content\/uploads\/2022\/05\/IMG-239a6866a747c05eecc45794a2c6e34f-V-2-300x169.jpg 300w, http:\/\/erf.untz.ba\/web\/wp-content\/uploads\/2022\/05\/IMG-239a6866a747c05eecc45794a2c6e34f-V-2-768x432.jpg 768w, http:\/\/erf.untz.ba\/web\/wp-content\/uploads\/2022\/05\/IMG-239a6866a747c05eecc45794a2c6e34f-V-2-1536x864.jpg 1536w, http:\/\/erf.untz.ba\/web\/wp-content\/uploads\/2022\/05\/IMG-239a6866a747c05eecc45794a2c6e34f-V-2-360x203.jpg 360w, http:\/\/erf.untz.ba\/web\/wp-content\/uploads\/2022\/05\/IMG-239a6866a747c05eecc45794a2c6e34f-V-2.jpg 1600w\" sizes=\"(max-width: 1024px) 100vw, 1024px\" \/><\/a><\/figure>\n\n\n\n<figure class=\"wp-block-image size-large\"><a href=\"http:\/\/erf.untz.ba\/web\/wp-content\/uploads\/2022\/05\/IMG-1b915bdf768b418a173aae4f70eb5a6f-V-2.jpg\"><img loading=\"lazy\" width=\"577\" height=\"1024\" data-id=\"2825\"  src=\"http:\/\/erf.untz.ba\/web\/wp-content\/uploads\/2022\/05\/IMG-1b915bdf768b418a173aae4f70eb5a6f-V-2-577x1024.jpg\" alt=\"\" class=\"wp-image-2825\" srcset=\"http:\/\/erf.untz.ba\/web\/wp-content\/uploads\/2022\/05\/IMG-1b915bdf768b418a173aae4f70eb5a6f-V-2-577x1024.jpg 577w, http:\/\/erf.untz.ba\/web\/wp-content\/uploads\/2022\/05\/IMG-1b915bdf768b418a173aae4f70eb5a6f-V-2-169x300.jpg 169w, http:\/\/erf.untz.ba\/web\/wp-content\/uploads\/2022\/05\/IMG-1b915bdf768b418a173aae4f70eb5a6f-V-2-768x1362.jpg 768w, http:\/\/erf.untz.ba\/web\/wp-content\/uploads\/2022\/05\/IMG-1b915bdf768b418a173aae4f70eb5a6f-V-2-866x1536.jpg 866w, http:\/\/erf.untz.ba\/web\/wp-content\/uploads\/2022\/05\/IMG-1b915bdf768b418a173aae4f70eb5a6f-V-2-152x270.jpg 152w, http:\/\/erf.untz.ba\/web\/wp-content\/uploads\/2022\/05\/IMG-1b915bdf768b418a173aae4f70eb5a6f-V-2.jpg 902w\" sizes=\"(max-width: 577px) 100vw, 577px\" \/><\/a><\/figure>\n\n\n\n<figure class=\"wp-block-image size-large\"><a href=\"http:\/\/erf.untz.ba\/web\/wp-content\/uploads\/2022\/05\/IMG-c6baee21aa375f15b8f76f7323d499c5-V-3.jpg\"><img loading=\"lazy\" width=\"577\" height=\"1024\" data-id=\"2826\"  src=\"http:\/\/erf.untz.ba\/web\/wp-content\/uploads\/2022\/05\/IMG-c6baee21aa375f15b8f76f7323d499c5-V-3-577x1024.jpg\" alt=\"\" class=\"wp-image-2826\" srcset=\"http:\/\/erf.untz.ba\/web\/wp-content\/uploads\/2022\/05\/IMG-c6baee21aa375f15b8f76f7323d499c5-V-3-577x1024.jpg 577w, http:\/\/erf.untz.ba\/web\/wp-content\/uploads\/2022\/05\/IMG-c6baee21aa375f15b8f76f7323d499c5-V-3-169x300.jpg 169w, http:\/\/erf.untz.ba\/web\/wp-content\/uploads\/2022\/05\/IMG-c6baee21aa375f15b8f76f7323d499c5-V-3-768x1362.jpg 768w, http:\/\/erf.untz.ba\/web\/wp-content\/uploads\/2022\/05\/IMG-c6baee21aa375f15b8f76f7323d499c5-V-3-866x1536.jpg 866w, http:\/\/erf.untz.ba\/web\/wp-content\/uploads\/2022\/05\/IMG-c6baee21aa375f15b8f76f7323d499c5-V-3-152x270.jpg 152w, http:\/\/erf.untz.ba\/web\/wp-content\/uploads\/2022\/05\/IMG-c6baee21aa375f15b8f76f7323d499c5-V-3.jpg 902w\" sizes=\"(max-width: 577px) 100vw, 577px\" \/><\/a><\/figure>\n<\/figure>\n","protected":false},"excerpt":{"rendered":"<p>U periodu od 08.05 &#8211; 12.05.2022. godine prodekan za nastavu i studentska pitanja prof.dr.Edina Kuduzovi\u0107, doc.dr.sci.Senad Mehmedinovi\u0107, pomo\u010dnik generalnog sekretara Univerziteta u Tuzli Senada Karajbi\u0107 i saradnik u zvanju asistenta na Edukacijsko-rehabilitacijskim fakultetu Benjamin Avdi\u0107 boravili su u \u0160vedskoj. Posjeta je bila u sklopu projekta \u201cSocial and Emotional Skills Development in Early Childhood Education and Care in <a href=\"http:\/\/erf.untz.ba\/web\/posjeta-svedskoj\/\" class=\"read-more\">Vi\u0161e&#8230;<\/a><\/p>\n","protected":false},"author":2,"featured_media":0,"comment_status":"open","ping_status":"open","sticky":false,"template":"","format":"standard","meta":[],"categories":[1],"tags":[],"_links":{"self":[{"href":"http:\/\/erf.untz.ba\/web\/wp-json\/wp\/v2\/posts\/2818"}],"collection":[{"href":"http:\/\/erf.untz.ba\/web\/wp-json\/wp\/v2\/posts"}],"about":[{"href":"http:\/\/erf.untz.ba\/web\/wp-json\/wp\/v2\/types\/post"}],"author":[{"embeddable":true,"href":"http:\/\/erf.untz.ba\/web\/wp-json\/wp\/v2\/users\/2"}],"replies":[{"embeddable":true,"href":"http:\/\/erf.untz.ba\/web\/wp-json\/wp\/v2\/comments?post=2818"}],"version-history":[{"count":0,"href":"http:\/\/erf.untz.ba\/web\/wp-json\/wp\/v2\/posts\/2818\/revisions"}],"wp:attachment":[{"href":"http:\/\/erf.untz.ba\/web\/wp-json\/wp\/v2\/media?parent=2818"}],"wp:term":[{"taxonomy":"category","embeddable":true,"href":"http:\/\/erf.untz.ba\/web\/wp-json\/wp\/v2\/categories?post=2818"},{"taxonomy":"post_tag","embeddable":true,"href":"http:\/\/erf.untz.ba\/web\/wp-json\/wp\/v2\/tags?post=2818"}],"curies":[{"name":"wp","href":"https:\/\/api.w.org\/{rel}","templated":true}]}}