{"id":2881,"date":"2022-06-17T20:27:53","date_gmt":"2022-06-17T20:27:53","guid":{"rendered":"http:\/\/erf.untz.ba\/web\/?p=2881"},"modified":"2022-06-17T20:27:55","modified_gmt":"2022-06-17T20:27:55","slug":"v-medunarodna-balkanska-konferencija-o-autizmu","status":"publish","type":"post","link":"http:\/\/erf.untz.ba\/web\/v-medunarodna-balkanska-konferencija-o-autizmu\/","title":{"rendered":"V Me\u0111unarodna Balkanska konferencija o autizmu\u00a0"},"content":{"rendered":"\n<div class=\"wp-block-media-text alignwide is-stacked-on-mobile\"><figure class=\"wp-block-media-text__media\"><img loading=\"lazy\" width=\"410\" height=\"1024\" src=\"http:\/\/erf.untz.ba\/web\/wp-content\/uploads\/2022\/06\/Baner-KONFERENCIJA-TUZLA-SLIKA_compressed_page-0001-1-410x1024.jpg\" alt=\"\" class=\"wp-image-2877 size-full\" srcset=\"http:\/\/erf.untz.ba\/web\/wp-content\/uploads\/2022\/06\/Baner-KONFERENCIJA-TUZLA-SLIKA_compressed_page-0001-1-410x1024.jpg 410w, http:\/\/erf.untz.ba\/web\/wp-content\/uploads\/2022\/06\/Baner-KONFERENCIJA-TUZLA-SLIKA_compressed_page-0001-1-120x300.jpg 120w, http:\/\/erf.untz.ba\/web\/wp-content\/uploads\/2022\/06\/Baner-KONFERENCIJA-TUZLA-SLIKA_compressed_page-0001-1-768x1920.jpg 768w, http:\/\/erf.untz.ba\/web\/wp-content\/uploads\/2022\/06\/Baner-KONFERENCIJA-TUZLA-SLIKA_compressed_page-0001-1-108x270.jpg 108w, http:\/\/erf.untz.ba\/web\/wp-content\/uploads\/2022\/06\/Baner-KONFERENCIJA-TUZLA-SLIKA_compressed_page-0001-1.jpg 800w\" sizes=\"(max-width: 410px) 100vw, 410px\" \/><\/figure><div class=\"wp-block-media-text__content\">\n<p class=\"has-text-align-center has-medium-font-size\">Izuzetna \u010dast i zadovoljstvo nam je pozvati Vas da u\u010destvujete na V Me\u0111unarodnoj Balkanskoj konferenciji o autizmu koja \u0107e se odr\u017eati u periodu od 2.9. do 4.9.2022.godine u Tuzli, u Bosanskom kulturnom centru Tuzlanskog kantona.\u00a0\u00a0Suorganizatori konferencije su Edukacijsko-rehabilitacijski fakultet Univerziteta u Tuzli, Udru\u017eenje &#8221;Svijet u slikama&#8221; Zenica i Udru\u017eenje defektologa, edukatora-rehabilitatora &#8221;STOL&#8221; Sarajevo.<br>Za vise informacija pogledati web stranicu: <\/p>\n\n\n\n<p class=\"has-text-align-center has-medium-font-size\">www.<a rel=\"noreferrer noopener\" href=\"http:\/\/autismedi-biac.com\/\" target=\"_blank\">autismedi-biac.com<\/a>\u00a0\u00a0<\/p>\n\n\n\n<p class=\"has-text-align-center has-medium-font-size\">Prijave mo\u017eete izvr\u0161iti dostavljanjem popunjenog prijavnog obrasca, preuzetog sa gore navedene web adrese, na jedan od sljede\u0107ih e-mailova:<\/p>\n\n\n\n<p class=\"has-text-align-center has-medium-font-size\"><a href=\"mailto:autizamkonferencijatuzla@gmail.com\" target=\"_blank\" rel=\"noreferrer noopener\">autizamkonferencijatuzla@gmail.com<\/a>&nbsp; ili&nbsp;<a href=\"mailto:udruzenjedefektologaks@yahoo.com\" target=\"_blank\" rel=\"noreferrer noopener\">udruzenjedefektologaks@yahoo.com<\/a><br>Za sve ostale informacije mo\u017eete nam se obratiti putem gore navedenih e-mail adresa.<br>Radujemo se skorom zajedni\u010dkom&nbsp;radu i dru\u017eenju u Tuzli.&nbsp;<\/p>\n<\/div><\/div>\n","protected":false},"excerpt":{"rendered":"<p>Izuzetna \u010dast i zadovoljstvo nam je pozvati Vas da u\u010destvujete na V Me\u0111unarodnoj Balkanskoj konferenciji o autizmu koja \u0107e se odr\u017eati u periodu od 2.9. do 4.9.2022.godine u Tuzli, u Bosanskom kulturnom centru Tuzlanskog kantona.\u00a0\u00a0Suorganizatori konferencije su Edukacijsko-rehabilitacijski fakultet Univerziteta u Tuzli, Udru\u017eenje &#8221;Svijet u slikama&#8221; Zenica i Udru\u017eenje defektologa, edukatora-rehabilitatora &#8221;STOL&#8221; Sarajevo.Za vise informacija pogledati web <a href=\"http:\/\/erf.untz.ba\/web\/v-medunarodna-balkanska-konferencija-o-autizmu\/\" class=\"read-more\">Vi\u0161e&#8230;<\/a><\/p>\n","protected":false},"author":2,"featured_media":0,"comment_status":"open","ping_status":"open","sticky":false,"template":"","format":"standard","meta":[],"categories":[1],"tags":[],"_links":{"self":[{"href":"http:\/\/erf.untz.ba\/web\/wp-json\/wp\/v2\/posts\/2881"}],"collection":[{"href":"http:\/\/erf.untz.ba\/web\/wp-json\/wp\/v2\/posts"}],"about":[{"href":"http:\/\/erf.untz.ba\/web\/wp-json\/wp\/v2\/types\/post"}],"author":[{"embeddable":true,"href":"http:\/\/erf.untz.ba\/web\/wp-json\/wp\/v2\/users\/2"}],"replies":[{"embeddable":true,"href":"http:\/\/erf.untz.ba\/web\/wp-json\/wp\/v2\/comments?post=2881"}],"version-history":[{"count":0,"href":"http:\/\/erf.untz.ba\/web\/wp-json\/wp\/v2\/posts\/2881\/revisions"}],"wp:attachment":[{"href":"http:\/\/erf.untz.ba\/web\/wp-json\/wp\/v2\/media?parent=2881"}],"wp:term":[{"taxonomy":"category","embeddable":true,"href":"http:\/\/erf.untz.ba\/web\/wp-json\/wp\/v2\/categories?post=2881"},{"taxonomy":"post_tag","embeddable":true,"href":"http:\/\/erf.untz.ba\/web\/wp-json\/wp\/v2\/tags?post=2881"}],"curies":[{"name":"wp","href":"https:\/\/api.w.org\/{rel}","templated":true}]}}