{"id":3158,"date":"2023-03-07T15:20:55","date_gmt":"2023-03-07T15:20:55","guid":{"rendered":"http:\/\/erf.untz.ba\/web\/?p=3158"},"modified":"2023-03-07T15:20:57","modified_gmt":"2023-03-07T15:20:57","slug":"uspostavljena-saradnja-sa-kolegama-iz-heidenheima-die-duale-hochschule-baden-wurttemberg-dhbw","status":"publish","type":"post","link":"http:\/\/erf.untz.ba\/web\/uspostavljena-saradnja-sa-kolegama-iz-heidenheima-die-duale-hochschule-baden-wurttemberg-dhbw\/","title":{"rendered":"Uspostavljena saradnja sa kolegama iz Heidenheima (Die Duale Hochschule Baden-W\u00fcrttemberg &#8211; DHBW)"},"content":{"rendered":"\n<figure class=\"wp-block-pullquote\"><blockquote><p>Dana, 06.03.2023. godine profesori sa Edukacijsko-rehabilitacijskog fakulteta prof.dr.Vesna Bratov\u010di\u0107, prof.dr.Amela Ibrahimagi\u0107 i prof.dr.Senad Mehmedinovi\u0107 uspostavili su saradnju i  ugostili prof.dr. rer. nat. Sujata Huestegge sa studentima koji dolaze sa\u00a0 dr\u017eavnog dualnog fakulteta <a href=\"https:\/\/www.heidenheim.dhbw.de\/startseite\"><strong>Baden-W\u00fcrttemberg (DHBW) Heidenheim<\/strong><\/a>. Cilj posjete i saradnje je razmjena znanja i iskustva izme\u0111u dvije zemlje, a koja se ogleda prije svega u obrazovanju kadra iz podru\u010dja logopedije i okupacione terapije. Stim u vezi u rektoratu <a href=\"http:\/\/untz.ba\/\"><strong>Univerziteta u Tuzli<\/strong><\/a> odr\u017eano je predavanje od strane prof.dr.Huestegge koja je prezentovala rad Fakulteta kao i programe koji se nude u sklopu istog. Nakon prezentacije, uprili\u010dena je posjeta centru <a href=\"https:\/\/koracinade.ba\/\"><strong>\u201cKoraci nade\u201d<\/strong><\/a>, kao i posjeta <a href=\"https:\/\/www.ukctuzla.ba\/ukctuzla\/?page_id=489&amp;lang=bs\"><strong>Klinici za fizikalnu medicinu i rehabilitaciju Univerzitetskog klini\u010dkog centra<\/strong><\/a> u Tuzli. Ispred centra \u201cKoraci nade\u201d prisutne je pozdravila koordinatorica Jasmina Krivo\u0161ija nekon \u010dega je bilo uprili\u010den obilazak Centra, te je odr\u017ean zajedni\u010dki sastanak na kome se govorilo u ulozi edukatora-rehabilitatora, kao i drugih stru\u010dnjaka koji se bave populacijom osoba sa invaliditetom. Nakon toga, uprili\u010dena je posjeta Klini\u010dkom centru gdje se u ime Klinike za fizikalnu medicinu i rehabilitaciju obratio gostima prim.dr.Emir Halilbegovi\u0107, na\u010delnik, kao i dr.sci.Lejla Matovi\u0107 (Kabinet za okupacionu, radnu terapiju i somatopedski tretman). Nakon pozdravne rije\u010di na\u010delnika Klinike, dr.sci.Lejla Matovi\u0107 je kolege sa Njema\u010dkog fakulteta upoznala sa odjeljenjima unutar Klinike, nakon \u010dega su studenti mogli vidjeti i prisustvovati jednom edukacijsko-rehabilitacijskom tretmanu u klini\u010dkim uslovima. Nakon obilaska Centra i Klinike, odr\u017eao se zavr\u0161ni sastanak u <a href=\"https:\/\/centarzakulturutuzla.ba\/centar\/dom-mladih\/dom-knjizevnosti-tuzla\/\"><strong>Centru za kulturu (Dom knji\u017eevnosti)<\/strong><\/a> gdje su se razmijenila mi\u0161ljenja o vi\u0111enom, te je dogovorena budu\u0107a saradnja.<\/p><\/blockquote><\/figure>\n\n\n\n<figure class=\"wp-block-gallery has-nested-images columns-default is-cropped\">\n<figure class=\"wp-block-image size-large\"><a href=\"http:\/\/erf.untz.ba\/web\/wp-content\/uploads\/2023\/03\/viber_image_2023-03-06_18-55-59-807.jpg\"><img loading=\"lazy\" width=\"1600\" height=\"1200\" data-id=\"3155\"  src=\"http:\/\/erf.untz.ba\/web\/wp-content\/uploads\/2023\/03\/viber_image_2023-03-06_18-55-59-807.jpg\" alt=\"\" class=\"wp-image-3155\" srcset=\"http:\/\/erf.untz.ba\/web\/wp-content\/uploads\/2023\/03\/viber_image_2023-03-06_18-55-59-807.jpg 1600w, http:\/\/erf.untz.ba\/web\/wp-content\/uploads\/2023\/03\/viber_image_2023-03-06_18-55-59-807-300x225.jpg 300w, http:\/\/erf.untz.ba\/web\/wp-content\/uploads\/2023\/03\/viber_image_2023-03-06_18-55-59-807-1024x768.jpg 1024w, http:\/\/erf.untz.ba\/web\/wp-content\/uploads\/2023\/03\/viber_image_2023-03-06_18-55-59-807-768x576.jpg 768w, http:\/\/erf.untz.ba\/web\/wp-content\/uploads\/2023\/03\/viber_image_2023-03-06_18-55-59-807-1536x1152.jpg 1536w, http:\/\/erf.untz.ba\/web\/wp-content\/uploads\/2023\/03\/viber_image_2023-03-06_18-55-59-807-360x270.jpg 360w\" sizes=\"(max-width: 1600px) 100vw, 1600px\" \/><\/a><\/figure>\n\n\n\n<figure class=\"wp-block-image size-large\"><a href=\"http:\/\/erf.untz.ba\/web\/wp-content\/uploads\/2023\/03\/viber_image_2023-03-06_18-56-02-490.jpg\"><img loading=\"lazy\" width=\"1600\" height=\"1200\" data-id=\"3157\"  src=\"http:\/\/erf.untz.ba\/web\/wp-content\/uploads\/2023\/03\/viber_image_2023-03-06_18-56-02-490.jpg\" alt=\"\" class=\"wp-image-3157\" srcset=\"http:\/\/erf.untz.ba\/web\/wp-content\/uploads\/2023\/03\/viber_image_2023-03-06_18-56-02-490.jpg 1600w, http:\/\/erf.untz.ba\/web\/wp-content\/uploads\/2023\/03\/viber_image_2023-03-06_18-56-02-490-300x225.jpg 300w, http:\/\/erf.untz.ba\/web\/wp-content\/uploads\/2023\/03\/viber_image_2023-03-06_18-56-02-490-1024x768.jpg 1024w, http:\/\/erf.untz.ba\/web\/wp-content\/uploads\/2023\/03\/viber_image_2023-03-06_18-56-02-490-768x576.jpg 768w, http:\/\/erf.untz.ba\/web\/wp-content\/uploads\/2023\/03\/viber_image_2023-03-06_18-56-02-490-1536x1152.jpg 1536w, http:\/\/erf.untz.ba\/web\/wp-content\/uploads\/2023\/03\/viber_image_2023-03-06_18-56-02-490-360x270.jpg 360w\" sizes=\"(max-width: 1600px) 100vw, 1600px\" \/><\/a><\/figure>\n\n\n\n<figure class=\"wp-block-image size-large\"><a href=\"http:\/\/erf.untz.ba\/web\/wp-content\/uploads\/2023\/03\/viber_image_2023-03-06_11-05-22-723.jpg\"><img loading=\"lazy\" width=\"1200\" height=\"1600\" data-id=\"3153\"  src=\"http:\/\/erf.untz.ba\/web\/wp-content\/uploads\/2023\/03\/viber_image_2023-03-06_11-05-22-723.jpg\" alt=\"\" class=\"wp-image-3153\" srcset=\"http:\/\/erf.untz.ba\/web\/wp-content\/uploads\/2023\/03\/viber_image_2023-03-06_11-05-22-723.jpg 1200w, http:\/\/erf.untz.ba\/web\/wp-content\/uploads\/2023\/03\/viber_image_2023-03-06_11-05-22-723-225x300.jpg 225w, http:\/\/erf.untz.ba\/web\/wp-content\/uploads\/2023\/03\/viber_image_2023-03-06_11-05-22-723-768x1024.jpg 768w, http:\/\/erf.untz.ba\/web\/wp-content\/uploads\/2023\/03\/viber_image_2023-03-06_11-05-22-723-1152x1536.jpg 1152w, http:\/\/erf.untz.ba\/web\/wp-content\/uploads\/2023\/03\/viber_image_2023-03-06_11-05-22-723-203x270.jpg 203w\" sizes=\"(max-width: 1200px) 100vw, 1200px\" \/><\/a><\/figure>\n\n\n\n<figure class=\"wp-block-image size-large\"><a href=\"http:\/\/erf.untz.ba\/web\/wp-content\/uploads\/2023\/03\/viber_image_2023-03-06_11-04-52-600.jpg\"><img data-id=\"3152\"  src=\"http:\/\/erf.untz.ba\/web\/wp-content\/uploads\/2023\/03\/viber_image_2023-03-06_11-04-52-600.jpg\" alt=\"\" class=\"wp-image-3152\"\/><\/a><\/figure>\n\n\n\n<figure class=\"wp-block-image size-large\"><a href=\"http:\/\/erf.untz.ba\/web\/wp-content\/uploads\/2023\/03\/viber_image_2023-03-06_18-56-01-471.jpg\"><img loading=\"lazy\" width=\"1600\" height=\"1200\" data-id=\"3156\"  src=\"http:\/\/erf.untz.ba\/web\/wp-content\/uploads\/2023\/03\/viber_image_2023-03-06_18-56-01-471.jpg\" alt=\"\" class=\"wp-image-3156\" srcset=\"http:\/\/erf.untz.ba\/web\/wp-content\/uploads\/2023\/03\/viber_image_2023-03-06_18-56-01-471.jpg 1600w, http:\/\/erf.untz.ba\/web\/wp-content\/uploads\/2023\/03\/viber_image_2023-03-06_18-56-01-471-300x225.jpg 300w, http:\/\/erf.untz.ba\/web\/wp-content\/uploads\/2023\/03\/viber_image_2023-03-06_18-56-01-471-1024x768.jpg 1024w, http:\/\/erf.untz.ba\/web\/wp-content\/uploads\/2023\/03\/viber_image_2023-03-06_18-56-01-471-768x576.jpg 768w, http:\/\/erf.untz.ba\/web\/wp-content\/uploads\/2023\/03\/viber_image_2023-03-06_18-56-01-471-1536x1152.jpg 1536w, http:\/\/erf.untz.ba\/web\/wp-content\/uploads\/2023\/03\/viber_image_2023-03-06_18-56-01-471-360x270.jpg 360w\" sizes=\"(max-width: 1600px) 100vw, 1600px\" \/><\/a><\/figure>\n\n\n\n<figure class=\"wp-block-image size-large\"><a href=\"http:\/\/erf.untz.ba\/web\/wp-content\/uploads\/2023\/03\/viber_image_2023-03-06_18-55-59-257.jpg\"><img loading=\"lazy\" width=\"1600\" height=\"1200\" data-id=\"3154\"  src=\"http:\/\/erf.untz.ba\/web\/wp-content\/uploads\/2023\/03\/viber_image_2023-03-06_18-55-59-257.jpg\" alt=\"\" class=\"wp-image-3154\" srcset=\"http:\/\/erf.untz.ba\/web\/wp-content\/uploads\/2023\/03\/viber_image_2023-03-06_18-55-59-257.jpg 1600w, http:\/\/erf.untz.ba\/web\/wp-content\/uploads\/2023\/03\/viber_image_2023-03-06_18-55-59-257-300x225.jpg 300w, http:\/\/erf.untz.ba\/web\/wp-content\/uploads\/2023\/03\/viber_image_2023-03-06_18-55-59-257-1024x768.jpg 1024w, http:\/\/erf.untz.ba\/web\/wp-content\/uploads\/2023\/03\/viber_image_2023-03-06_18-55-59-257-768x576.jpg 768w, http:\/\/erf.untz.ba\/web\/wp-content\/uploads\/2023\/03\/viber_image_2023-03-06_18-55-59-257-1536x1152.jpg 1536w, http:\/\/erf.untz.ba\/web\/wp-content\/uploads\/2023\/03\/viber_image_2023-03-06_18-55-59-257-360x270.jpg 360w\" sizes=\"(max-width: 1600px) 100vw, 1600px\" \/><\/a><\/figure>\n\n\n\n<figure class=\"wp-block-image size-large\"><a href=\"http:\/\/erf.untz.ba\/web\/wp-content\/uploads\/2023\/03\/viber_image_2023-03-06_11-04-48-755.jpg\"><img loading=\"lazy\" width=\"1600\" height=\"1200\" data-id=\"3151\"  src=\"http:\/\/erf.untz.ba\/web\/wp-content\/uploads\/2023\/03\/viber_image_2023-03-06_11-04-48-755.jpg\" alt=\"\" class=\"wp-image-3151\" srcset=\"http:\/\/erf.untz.ba\/web\/wp-content\/uploads\/2023\/03\/viber_image_2023-03-06_11-04-48-755.jpg 1600w, http:\/\/erf.untz.ba\/web\/wp-content\/uploads\/2023\/03\/viber_image_2023-03-06_11-04-48-755-300x225.jpg 300w, http:\/\/erf.untz.ba\/web\/wp-content\/uploads\/2023\/03\/viber_image_2023-03-06_11-04-48-755-1024x768.jpg 1024w, http:\/\/erf.untz.ba\/web\/wp-content\/uploads\/2023\/03\/viber_image_2023-03-06_11-04-48-755-768x576.jpg 768w, http:\/\/erf.untz.ba\/web\/wp-content\/uploads\/2023\/03\/viber_image_2023-03-06_11-04-48-755-1536x1152.jpg 1536w, http:\/\/erf.untz.ba\/web\/wp-content\/uploads\/2023\/03\/viber_image_2023-03-06_11-04-48-755-360x270.jpg 360w\" sizes=\"(max-width: 1600px) 100vw, 1600px\" \/><\/a><\/figure>\n\n\n\n<figure class=\"wp-block-image size-large\"><a href=\"http:\/\/erf.untz.ba\/web\/wp-content\/uploads\/2023\/03\/viber_image_2023-03-06_11-04-48-293.jpg\"><img loading=\"lazy\" width=\"1600\" height=\"720\" data-id=\"3150\"  src=\"http:\/\/erf.untz.ba\/web\/wp-content\/uploads\/2023\/03\/viber_image_2023-03-06_11-04-48-293.jpg\" alt=\"\" class=\"wp-image-3150\" srcset=\"http:\/\/erf.untz.ba\/web\/wp-content\/uploads\/2023\/03\/viber_image_2023-03-06_11-04-48-293.jpg 1600w, http:\/\/erf.untz.ba\/web\/wp-content\/uploads\/2023\/03\/viber_image_2023-03-06_11-04-48-293-300x135.jpg 300w, http:\/\/erf.untz.ba\/web\/wp-content\/uploads\/2023\/03\/viber_image_2023-03-06_11-04-48-293-1024x461.jpg 1024w, http:\/\/erf.untz.ba\/web\/wp-content\/uploads\/2023\/03\/viber_image_2023-03-06_11-04-48-293-768x346.jpg 768w, http:\/\/erf.untz.ba\/web\/wp-content\/uploads\/2023\/03\/viber_image_2023-03-06_11-04-48-293-1536x691.jpg 1536w, http:\/\/erf.untz.ba\/web\/wp-content\/uploads\/2023\/03\/viber_image_2023-03-06_11-04-48-293-360x162.jpg 360w\" sizes=\"(max-width: 1600px) 100vw, 1600px\" \/><\/a><\/figure>\n<\/figure>\n","protected":false},"excerpt":{"rendered":"<p>Dana, 06.03.2023. godine profesori sa Edukacijsko-rehabilitacijskog fakulteta prof.dr.Vesna Bratov\u010di\u0107, prof.dr.Amela Ibrahimagi\u0107 i prof.dr.Senad Mehmedinovi\u0107 uspostavili su saradnju i ugostili prof.dr. rer. nat. Sujata Huestegge sa studentima koji dolaze sa\u00a0 dr\u017eavnog dualnog fakulteta Baden-W\u00fcrttemberg (DHBW) Heidenheim. Cilj posjete i saradnje je razmjena znanja i iskustva izme\u0111u dvije zemlje, a koja se ogleda prije svega u obrazovanju kadra iz <a href=\"http:\/\/erf.untz.ba\/web\/uspostavljena-saradnja-sa-kolegama-iz-heidenheima-die-duale-hochschule-baden-wurttemberg-dhbw\/\" class=\"read-more\">Vi\u0161e&#8230;<\/a><\/p>\n","protected":false},"author":2,"featured_media":0,"comment_status":"open","ping_status":"open","sticky":false,"template":"","format":"standard","meta":[],"categories":[1],"tags":[],"_links":{"self":[{"href":"http:\/\/erf.untz.ba\/web\/wp-json\/wp\/v2\/posts\/3158"}],"collection":[{"href":"http:\/\/erf.untz.ba\/web\/wp-json\/wp\/v2\/posts"}],"about":[{"href":"http:\/\/erf.untz.ba\/web\/wp-json\/wp\/v2\/types\/post"}],"author":[{"embeddable":true,"href":"http:\/\/erf.untz.ba\/web\/wp-json\/wp\/v2\/users\/2"}],"replies":[{"embeddable":true,"href":"http:\/\/erf.untz.ba\/web\/wp-json\/wp\/v2\/comments?post=3158"}],"version-history":[{"count":0,"href":"http:\/\/erf.untz.ba\/web\/wp-json\/wp\/v2\/posts\/3158\/revisions"}],"wp:attachment":[{"href":"http:\/\/erf.untz.ba\/web\/wp-json\/wp\/v2\/media?parent=3158"}],"wp:term":[{"taxonomy":"category","embeddable":true,"href":"http:\/\/erf.untz.ba\/web\/wp-json\/wp\/v2\/categories?post=3158"},{"taxonomy":"post_tag","embeddable":true,"href":"http:\/\/erf.untz.ba\/web\/wp-json\/wp\/v2\/tags?post=3158"}],"curies":[{"name":"wp","href":"https:\/\/api.w.org\/{rel}","templated":true}]}}