{"id":3183,"date":"2023-04-05T09:49:12","date_gmt":"2023-04-05T09:49:12","guid":{"rendered":"http:\/\/erf.untz.ba\/web\/?p=3183"},"modified":"2023-04-05T09:53:38","modified_gmt":"2023-04-05T09:53:38","slug":"obiljezen-2-april-medunarodni-dan-osoba-s-autizmom","status":"publish","type":"post","link":"http:\/\/erf.untz.ba\/web\/obiljezen-2-april-medunarodni-dan-osoba-s-autizmom\/","title":{"rendered":"Obilje\u017een 2. april Me\u0111unarodni dan svjesnosti o autizmu"},"content":{"rendered":"\n<p>U svijetu, svake godine prigodnim aktivnostima i sadr\u017eajima obilje\u017eava se Me\u0111unarodni dan svjesnosti o auitzmu. Tako je i ove nedelje, 02. aprila 2023. godine bilo u Tuzli. Udru\u017eenje za ljudska prava i socijalnu inkluziju zajedno sa studentima Edukacijsko- rehabilitacijskog fakulteta i sa Udru\u017eenjem gra\u0111ana Imam pravo organizovali su \u0161etnju gradom i uli\u010dnu akciju podizanja svijesti o poreme\u0107aju autisti\u010dnog spektra.<\/p>\n\n\n\n<p>Generalna skup\u0161tina UN ove godine napravila je prvi korak u u mijenjanju narativa prema poreme\u0107aju autisti\u010dnog spektra, te se od dosada\u0161njeg koncepta prihvatanja i inkluzivnosti, pomijera prema narativu neuroinkluzivnosti i neurodiverziteta. Ideja neurodiverziteta je jasna i svima prihvatljiva, dru\u0161tvo je to koje treba da komunicira s njima na mnogo razli\u010ditih na\u010dina i da ne postoji samo jedan &#8220;pravi&#8221; na\u010din.<br>U\u010dimo, mijenjajmo se i promi\u0161ljajmo. \u017divimo zajedno i rastimo zajedno!<\/p>\n\n\n\n<h1>autism #neurodiversity #Transformation: Toward a Neuro-Inclusive World for All<\/h1>\n\n\n\n<figure class=\"wp-block-gallery has-nested-images columns-default is-cropped\">\n<figure class=\"wp-block-image size-large\"><a href=\"http:\/\/erf.untz.ba\/web\/wp-content\/uploads\/2023\/04\/viber_image_2023-04-04_13-25-50-847.jpg\"><img loading=\"lazy\" width=\"800\" height=\"450\" data-id=\"3180\"  src=\"http:\/\/erf.untz.ba\/web\/wp-content\/uploads\/2023\/04\/viber_image_2023-04-04_13-25-50-847.jpg\" alt=\"\" class=\"wp-image-3180\" srcset=\"http:\/\/erf.untz.ba\/web\/wp-content\/uploads\/2023\/04\/viber_image_2023-04-04_13-25-50-847.jpg 800w, http:\/\/erf.untz.ba\/web\/wp-content\/uploads\/2023\/04\/viber_image_2023-04-04_13-25-50-847-300x169.jpg 300w, http:\/\/erf.untz.ba\/web\/wp-content\/uploads\/2023\/04\/viber_image_2023-04-04_13-25-50-847-768x432.jpg 768w, http:\/\/erf.untz.ba\/web\/wp-content\/uploads\/2023\/04\/viber_image_2023-04-04_13-25-50-847-360x203.jpg 360w\" sizes=\"(max-width: 800px) 100vw, 800px\" \/><\/a><\/figure>\n\n\n\n<figure class=\"wp-block-image size-large\"><a href=\"http:\/\/erf.untz.ba\/web\/wp-content\/uploads\/2023\/04\/viber_image_2023-04-04_13-25-50-772.jpg\"><img loading=\"lazy\" width=\"450\" height=\"800\" data-id=\"3181\"  src=\"http:\/\/erf.untz.ba\/web\/wp-content\/uploads\/2023\/04\/viber_image_2023-04-04_13-25-50-772.jpg\" alt=\"\" class=\"wp-image-3181\" srcset=\"http:\/\/erf.untz.ba\/web\/wp-content\/uploads\/2023\/04\/viber_image_2023-04-04_13-25-50-772.jpg 450w, http:\/\/erf.untz.ba\/web\/wp-content\/uploads\/2023\/04\/viber_image_2023-04-04_13-25-50-772-169x300.jpg 169w, http:\/\/erf.untz.ba\/web\/wp-content\/uploads\/2023\/04\/viber_image_2023-04-04_13-25-50-772-152x270.jpg 152w\" sizes=\"(max-width: 450px) 100vw, 450px\" \/><\/a><\/figure>\n\n\n\n<figure class=\"wp-block-image size-large\"><a href=\"http:\/\/erf.untz.ba\/web\/wp-content\/uploads\/2023\/04\/viber_image_2023-04-04_13-25-50-724.jpg\"><img loading=\"lazy\" width=\"800\" height=\"450\" data-id=\"3182\"  src=\"http:\/\/erf.untz.ba\/web\/wp-content\/uploads\/2023\/04\/viber_image_2023-04-04_13-25-50-724.jpg\" alt=\"\" class=\"wp-image-3182\" srcset=\"http:\/\/erf.untz.ba\/web\/wp-content\/uploads\/2023\/04\/viber_image_2023-04-04_13-25-50-724.jpg 800w, http:\/\/erf.untz.ba\/web\/wp-content\/uploads\/2023\/04\/viber_image_2023-04-04_13-25-50-724-300x169.jpg 300w, http:\/\/erf.untz.ba\/web\/wp-content\/uploads\/2023\/04\/viber_image_2023-04-04_13-25-50-724-768x432.jpg 768w, http:\/\/erf.untz.ba\/web\/wp-content\/uploads\/2023\/04\/viber_image_2023-04-04_13-25-50-724-360x203.jpg 360w\" sizes=\"(max-width: 800px) 100vw, 800px\" \/><\/a><\/figure>\n\n\n\n<figure class=\"wp-block-image size-large\"><a href=\"http:\/\/erf.untz.ba\/web\/wp-content\/uploads\/2023\/04\/viber_image_2023-04-04_13-25-50-688-1.jpg\"><img loading=\"lazy\" width=\"1800\" height=\"1013\" data-id=\"3179\"  src=\"http:\/\/erf.untz.ba\/web\/wp-content\/uploads\/2023\/04\/viber_image_2023-04-04_13-25-50-688-1.jpg\" alt=\"\" class=\"wp-image-3179\" srcset=\"http:\/\/erf.untz.ba\/web\/wp-content\/uploads\/2023\/04\/viber_image_2023-04-04_13-25-50-688-1.jpg 1800w, http:\/\/erf.untz.ba\/web\/wp-content\/uploads\/2023\/04\/viber_image_2023-04-04_13-25-50-688-1-300x169.jpg 300w, http:\/\/erf.untz.ba\/web\/wp-content\/uploads\/2023\/04\/viber_image_2023-04-04_13-25-50-688-1-1024x576.jpg 1024w, http:\/\/erf.untz.ba\/web\/wp-content\/uploads\/2023\/04\/viber_image_2023-04-04_13-25-50-688-1-768x432.jpg 768w, http:\/\/erf.untz.ba\/web\/wp-content\/uploads\/2023\/04\/viber_image_2023-04-04_13-25-50-688-1-1536x864.jpg 1536w, http:\/\/erf.untz.ba\/web\/wp-content\/uploads\/2023\/04\/viber_image_2023-04-04_13-25-50-688-1-360x203.jpg 360w\" sizes=\"(max-width: 1800px) 100vw, 1800px\" \/><\/a><\/figure>\n<\/figure>\n","protected":false},"excerpt":{"rendered":"<p>U svijetu, svake godine prigodnim aktivnostima i sadr\u017eajima obilje\u017eava se Me\u0111unarodni dan svjesnosti o auitzmu. Tako je i ove nedelje, 02. aprila 2023. godine bilo u Tuzli. Udru\u017eenje za ljudska prava i socijalnu inkluziju zajedno sa studentima Edukacijsko- rehabilitacijskog fakulteta i sa Udru\u017eenjem gra\u0111ana Imam pravo organizovali su \u0161etnju gradom i uli\u010dnu akciju podizanja svijesti o poreme\u0107aju <a href=\"http:\/\/erf.untz.ba\/web\/obiljezen-2-april-medunarodni-dan-osoba-s-autizmom\/\" class=\"read-more\">Vi\u0161e&#8230;<\/a><\/p>\n","protected":false},"author":2,"featured_media":0,"comment_status":"open","ping_status":"open","sticky":false,"template":"","format":"standard","meta":[],"categories":[1],"tags":[],"_links":{"self":[{"href":"http:\/\/erf.untz.ba\/web\/wp-json\/wp\/v2\/posts\/3183"}],"collection":[{"href":"http:\/\/erf.untz.ba\/web\/wp-json\/wp\/v2\/posts"}],"about":[{"href":"http:\/\/erf.untz.ba\/web\/wp-json\/wp\/v2\/types\/post"}],"author":[{"embeddable":true,"href":"http:\/\/erf.untz.ba\/web\/wp-json\/wp\/v2\/users\/2"}],"replies":[{"embeddable":true,"href":"http:\/\/erf.untz.ba\/web\/wp-json\/wp\/v2\/comments?post=3183"}],"version-history":[{"count":0,"href":"http:\/\/erf.untz.ba\/web\/wp-json\/wp\/v2\/posts\/3183\/revisions"}],"wp:attachment":[{"href":"http:\/\/erf.untz.ba\/web\/wp-json\/wp\/v2\/media?parent=3183"}],"wp:term":[{"taxonomy":"category","embeddable":true,"href":"http:\/\/erf.untz.ba\/web\/wp-json\/wp\/v2\/categories?post=3183"},{"taxonomy":"post_tag","embeddable":true,"href":"http:\/\/erf.untz.ba\/web\/wp-json\/wp\/v2\/tags?post=3183"}],"curies":[{"name":"wp","href":"https:\/\/api.w.org\/{rel}","templated":true}]}}