{"id":3216,"date":"2023-05-22T11:20:24","date_gmt":"2023-05-22T11:20:24","guid":{"rendered":"http:\/\/erf.untz.ba\/web\/?p=3216"},"modified":"2023-05-22T14:31:24","modified_gmt":"2023-05-22T14:31:24","slug":"u-minhenu-promovisana-knjiga-teologija-prakticnog-djelovanja-muslimana-islam-i-osobe-s-invaliditetom","status":"publish","type":"post","link":"http:\/\/erf.untz.ba\/web\/u-minhenu-promovisana-knjiga-teologija-prakticnog-djelovanja-muslimana-islam-i-osobe-s-invaliditetom\/","title":{"rendered":"U Minhenu promovisana knjiga &#8220;Teologija prakti\u010dnog djelovanja muslimana &#8211; Islam i osobe s invaliditetom&#8221;"},"content":{"rendered":"<p style=\"text-align: justify;\">U subotu, 20.05.2023.godine.,\u00a0 u Minhenu, odr\u017eana je promocija knjige autora dr. Damir ef. Babaji\u0107a pod naslovom &#8220;Teologija orakti\u010dnog djelovanja muslimana &#8211; Islam i osobe s invaliditetom&#8221;.\u00a0 O knjizi su govorili prof. dr. Senad Mehmedinovi\u0107, profesor na Edukacijsko-rehabilitacijskom fakultetu Univerziteta Tuzla i autor knjige dr. Babaji\u0107.<\/p>\n<p style=\"text-align: justify;\">U uvodnom obra\u0107anju prisutne je poselamio mr. sc Bahrudin ef. Omeragi\u0107, pomo\u0107nik glavnog imama Med\u017elisa Bayern, koji je ukazao na zna\u010daj ustrajnosti i istinskog odnosa prema vjeri.<\/p>\n<p>U vrlo emotivnom obra\u0107anju profesor Mehmedinovi\u0107 je ukazao na zna\u010daj pisane rije\u010di, va\u017enosti profesionalne rehabilitacije, kao i odnosa vjere i osoba s invaliditetom. Svoje izlaganje usmjerio je na \u017eivot \u010dovjeka koji se temelji na \u010detiri principa, te promovi\u0161u\u0107i primjenu hagioterapije kao koping mehanizma u suo\u010davanju sa te\u0161ko\u0107ama.\u00a0<\/p>\n<p>Nakon izlaganja profesora Mehmedinovi\u0107a prisutnima se obratio i autor knjige dr. Babaji\u0107. On je u svom izlaganju ukazao na zna\u010daj zdravog odnosa me\u0111u ljudima, na fenomen &#8220;invalidne&#8221; komunikacije, te na odnos vjere prema osobama s invaliditetom. Na kraju Damir se zahvalio promotorima na vremenu koje su izdvojili i savjetima koje su uputili prisutnim.<\/p>\n\n\n<figure class=\"wp-block-gallery has-nested-images columns-default is-cropped\">\n<figure class=\"wp-block-image size-large\"><a href=\"http:\/\/erf.untz.ba\/web\/wp-content\/uploads\/2023\/05\/IMG-20230521-WA0028.jpg\"><img loading=\"lazy\" width=\"2048\" height=\"921\" data-id=\"3211\"  src=\"http:\/\/erf.untz.ba\/web\/wp-content\/uploads\/2023\/05\/IMG-20230521-WA0028.jpg\" alt=\"\" class=\"wp-image-3211\" srcset=\"http:\/\/erf.untz.ba\/web\/wp-content\/uploads\/2023\/05\/IMG-20230521-WA0028.jpg 2048w, http:\/\/erf.untz.ba\/web\/wp-content\/uploads\/2023\/05\/IMG-20230521-WA0028-300x135.jpg 300w, http:\/\/erf.untz.ba\/web\/wp-content\/uploads\/2023\/05\/IMG-20230521-WA0028-1024x461.jpg 1024w, http:\/\/erf.untz.ba\/web\/wp-content\/uploads\/2023\/05\/IMG-20230521-WA0028-768x345.jpg 768w, http:\/\/erf.untz.ba\/web\/wp-content\/uploads\/2023\/05\/IMG-20230521-WA0028-1536x691.jpg 1536w, http:\/\/erf.untz.ba\/web\/wp-content\/uploads\/2023\/05\/IMG-20230521-WA0028-360x162.jpg 360w\" sizes=\"(max-width: 2048px) 100vw, 2048px\" \/><\/a><\/figure>\n\n\n\n<figure class=\"wp-block-image size-large\"><a href=\"http:\/\/erf.untz.ba\/web\/wp-content\/uploads\/2023\/05\/IMG-20230521-WA0013.jpg\"><img loading=\"lazy\" width=\"2000\" height=\"1500\" data-id=\"3212\"  src=\"http:\/\/erf.untz.ba\/web\/wp-content\/uploads\/2023\/05\/IMG-20230521-WA0013.jpg\" alt=\"\" class=\"wp-image-3212\" srcset=\"http:\/\/erf.untz.ba\/web\/wp-content\/uploads\/2023\/05\/IMG-20230521-WA0013.jpg 2000w, http:\/\/erf.untz.ba\/web\/wp-content\/uploads\/2023\/05\/IMG-20230521-WA0013-300x225.jpg 300w, http:\/\/erf.untz.ba\/web\/wp-content\/uploads\/2023\/05\/IMG-20230521-WA0013-1024x768.jpg 1024w, http:\/\/erf.untz.ba\/web\/wp-content\/uploads\/2023\/05\/IMG-20230521-WA0013-768x576.jpg 768w, http:\/\/erf.untz.ba\/web\/wp-content\/uploads\/2023\/05\/IMG-20230521-WA0013-1536x1152.jpg 1536w, http:\/\/erf.untz.ba\/web\/wp-content\/uploads\/2023\/05\/IMG-20230521-WA0013-360x270.jpg 360w\" sizes=\"(max-width: 2000px) 100vw, 2000px\" \/><\/a><\/figure>\n\n\n\n<figure class=\"wp-block-image size-large\"><a href=\"http:\/\/erf.untz.ba\/web\/wp-content\/uploads\/2023\/05\/680_DamirBabajic_knjiga_try.jpg\"><img loading=\"lazy\" width=\"680\" height=\"389\" data-id=\"3213\"  src=\"http:\/\/erf.untz.ba\/web\/wp-content\/uploads\/2023\/05\/680_DamirBabajic_knjiga_try.jpg\" alt=\"\" class=\"wp-image-3213\" srcset=\"http:\/\/erf.untz.ba\/web\/wp-content\/uploads\/2023\/05\/680_DamirBabajic_knjiga_try.jpg 680w, http:\/\/erf.untz.ba\/web\/wp-content\/uploads\/2023\/05\/680_DamirBabajic_knjiga_try-300x172.jpg 300w, http:\/\/erf.untz.ba\/web\/wp-content\/uploads\/2023\/05\/680_DamirBabajic_knjiga_try-360x206.jpg 360w\" sizes=\"(max-width: 680px) 100vw, 680px\" \/><\/a><\/figure>\n\n\n\n<figure class=\"wp-block-image size-large\"><a href=\"http:\/\/erf.untz.ba\/web\/wp-content\/uploads\/2023\/05\/IMG-20230521-WA0018.jpg\"><img loading=\"lazy\" width=\"1024\" height=\"768\" data-id=\"3210\"  src=\"http:\/\/erf.untz.ba\/web\/wp-content\/uploads\/2023\/05\/IMG-20230521-WA0018.jpg\" alt=\"\" class=\"wp-image-3210\" srcset=\"http:\/\/erf.untz.ba\/web\/wp-content\/uploads\/2023\/05\/IMG-20230521-WA0018.jpg 1024w, http:\/\/erf.untz.ba\/web\/wp-content\/uploads\/2023\/05\/IMG-20230521-WA0018-300x225.jpg 300w, http:\/\/erf.untz.ba\/web\/wp-content\/uploads\/2023\/05\/IMG-20230521-WA0018-768x576.jpg 768w, http:\/\/erf.untz.ba\/web\/wp-content\/uploads\/2023\/05\/IMG-20230521-WA0018-360x270.jpg 360w\" sizes=\"(max-width: 1024px) 100vw, 1024px\" \/><\/a><\/figure>\n<\/figure>\n","protected":false},"excerpt":{"rendered":"<p>U subotu, 20.05.2023.godine.,\u00a0 u Minhenu, odr\u017eana je promocija knjige autora dr. Damir ef. Babaji\u0107a pod naslovom &#8220;Teologija orakti\u010dnog djelovanja muslimana &#8211; Islam i osobe s invaliditetom&#8221;.\u00a0 O knjizi su govorili prof. dr. Senad Mehmedinovi\u0107, profesor na Edukacijsko-rehabilitacijskom fakultetu Univerziteta Tuzla i autor knjige dr. Babaji\u0107. U uvodnom obra\u0107anju prisutne je poselamio mr. sc Bahrudin ef. Omeragi\u0107, pomo\u0107nik <a href=\"http:\/\/erf.untz.ba\/web\/u-minhenu-promovisana-knjiga-teologija-prakticnog-djelovanja-muslimana-islam-i-osobe-s-invaliditetom\/\" class=\"read-more\">Vi\u0161e&#8230;<\/a><\/p>\n","protected":false},"author":2,"featured_media":0,"comment_status":"open","ping_status":"open","sticky":false,"template":"","format":"standard","meta":[],"categories":[1],"tags":[],"_links":{"self":[{"href":"http:\/\/erf.untz.ba\/web\/wp-json\/wp\/v2\/posts\/3216"}],"collection":[{"href":"http:\/\/erf.untz.ba\/web\/wp-json\/wp\/v2\/posts"}],"about":[{"href":"http:\/\/erf.untz.ba\/web\/wp-json\/wp\/v2\/types\/post"}],"author":[{"embeddable":true,"href":"http:\/\/erf.untz.ba\/web\/wp-json\/wp\/v2\/users\/2"}],"replies":[{"embeddable":true,"href":"http:\/\/erf.untz.ba\/web\/wp-json\/wp\/v2\/comments?post=3216"}],"version-history":[{"count":0,"href":"http:\/\/erf.untz.ba\/web\/wp-json\/wp\/v2\/posts\/3216\/revisions"}],"wp:attachment":[{"href":"http:\/\/erf.untz.ba\/web\/wp-json\/wp\/v2\/media?parent=3216"}],"wp:term":[{"taxonomy":"category","embeddable":true,"href":"http:\/\/erf.untz.ba\/web\/wp-json\/wp\/v2\/categories?post=3216"},{"taxonomy":"post_tag","embeddable":true,"href":"http:\/\/erf.untz.ba\/web\/wp-json\/wp\/v2\/tags?post=3216"}],"curies":[{"name":"wp","href":"https:\/\/api.w.org\/{rel}","templated":true}]}}