{"id":3392,"date":"2023-12-21T20:38:43","date_gmt":"2023-12-21T20:38:43","guid":{"rendered":"http:\/\/erf.untz.ba\/web\/?p=3392"},"modified":"2023-12-21T20:38:44","modified_gmt":"2023-12-21T20:38:44","slug":"ziva-biblioteka-za-osobe-sa-onesposobljenjem","status":"publish","type":"post","link":"http:\/\/erf.untz.ba\/web\/ziva-biblioteka-za-osobe-sa-onesposobljenjem\/","title":{"rendered":"\u017diva biblioteka za osobe sa onesposobljenjem"},"content":{"rendered":"<div dir=\"auto\">\n<div dir=\"auto\" style=\"text-align: justify;\">Me\u0111unarodni dan osoba sa invaliditetom ima za cilj da podigne svijest o izazovima s kojima se suo\u010davaju osobe sa invaliditetom, te da promovi\u0161e razumijevanje, podr\u0161ku, dostojanstvo i prava. Va\u017eno je zajedno graditi inkluzivno dru\u0161tvo u kojem svako lice ima priliku zablistati.<\/div>\n<div dir=\"auto\" style=\"text-align: justify;\">Tim povodom u utorak, 5. decembra, na Kampusu Univerziteta u Tuzli, Edukacijsko-rehabilitacijski fakultet je priredio doga\u0111aj pod nazivom \u201e\u017diva biblioteka osoba sa onesposobljenjem\u201c.<\/div>\n<blockquote>\n<div dir=\"auto\" style=\"text-align: justify;\">U sklopu predmeta &#8220;Psihologija osoba sa onespobojenjem&#8221;,\u00a0 studenti I godine zajedno sa asistentima Lejlom Burgi\u0107 i Benjaminom Avdi\u0107em su stvorili prostor gdje ljudske pri\u010de postaju \u017eive knjige, a iskustva postaju najdragocjeniji resursi. Imali smo \u010dast imati 5 nevjerovatnih \u017eivih knjiga &#8211; stvarnih heroja koji su dijelili svoje pri\u010de. To su bile osobe s invaliditetom, djeca s te\u0161ko\u0107ama u razvoju, njihovi roditelji, porodica i prijatelji.<\/div>\n<\/blockquote>\n<\/div>\n<div dir=\"auto\" style=\"text-align: justify;\">Sa 83 \u010dita\u010da, uklju\u010duju\u0107i u\u010denike Srednje medicinske \u0161kole i druge \u010dlanove lokalne zajednice koji su bili\u00a0 gosti, stvorio se prostor gdje su iskustva postala najdragocjeniji resurs. U \u017eivoj biblioteci neposredno se razgovaralo sa knjigama, \u010ditale i razumjevale tajne i one skrivene poruke izme\u0111u redova.<\/div>\n<blockquote>\n<div dir=\"auto\" style=\"text-align: justify;\">Ova aktivnost nije samo zavr\u0161ena, ve\u0107 ostavlja trajni pe\u010dat na na\u0161em putu prema inkluzivnom dru\u0161tvu. Hvala svima na podr\u0161ci i doprinosu u realizaciji aktivnosti!\u00a0<\/div>\n<\/blockquote>\n<div class=\"yj6qo\" style=\"text-align: justify;\">\u00a0<\/div>\n<div class=\"adL\" dir=\"auto\">\u00a0<\/div>\n\n\n<figure class=\"wp-block-gallery has-nested-images columns-default is-cropped\">\n<figure class=\"wp-block-image size-large\"><a href=\"http:\/\/erf.untz.ba\/web\/wp-content\/uploads\/2023\/12\/FB_IMG_1702905112128.jpg\"><img loading=\"lazy\" width=\"1080\" height=\"810\" data-id=\"3391\"  src=\"http:\/\/erf.untz.ba\/web\/wp-content\/uploads\/2023\/12\/FB_IMG_1702905112128.jpg\" alt=\"\" class=\"wp-image-3391\" srcset=\"http:\/\/erf.untz.ba\/web\/wp-content\/uploads\/2023\/12\/FB_IMG_1702905112128.jpg 1080w, http:\/\/erf.untz.ba\/web\/wp-content\/uploads\/2023\/12\/FB_IMG_1702905112128-300x225.jpg 300w, http:\/\/erf.untz.ba\/web\/wp-content\/uploads\/2023\/12\/FB_IMG_1702905112128-1024x768.jpg 1024w, http:\/\/erf.untz.ba\/web\/wp-content\/uploads\/2023\/12\/FB_IMG_1702905112128-768x576.jpg 768w, http:\/\/erf.untz.ba\/web\/wp-content\/uploads\/2023\/12\/FB_IMG_1702905112128-360x270.jpg 360w\" sizes=\"(max-width: 1080px) 100vw, 1080px\" \/><\/a><\/figure>\n\n\n\n<figure class=\"wp-block-image size-large\"><a href=\"http:\/\/erf.untz.ba\/web\/wp-content\/uploads\/2023\/12\/FB_IMG_1702905089623.jpg\"><img loading=\"lazy\" width=\"1080\" height=\"812\" data-id=\"3389\"  src=\"http:\/\/erf.untz.ba\/web\/wp-content\/uploads\/2023\/12\/FB_IMG_1702905089623.jpg\" alt=\"\" class=\"wp-image-3389\" srcset=\"http:\/\/erf.untz.ba\/web\/wp-content\/uploads\/2023\/12\/FB_IMG_1702905089623.jpg 1080w, http:\/\/erf.untz.ba\/web\/wp-content\/uploads\/2023\/12\/FB_IMG_1702905089623-300x226.jpg 300w, http:\/\/erf.untz.ba\/web\/wp-content\/uploads\/2023\/12\/FB_IMG_1702905089623-1024x770.jpg 1024w, http:\/\/erf.untz.ba\/web\/wp-content\/uploads\/2023\/12\/FB_IMG_1702905089623-768x577.jpg 768w, http:\/\/erf.untz.ba\/web\/wp-content\/uploads\/2023\/12\/FB_IMG_1702905089623-360x270.jpg 360w\" sizes=\"(max-width: 1080px) 100vw, 1080px\" \/><\/a><\/figure>\n\n\n\n<figure class=\"wp-block-image size-large\"><a href=\"http:\/\/erf.untz.ba\/web\/wp-content\/uploads\/2023\/12\/FB_IMG_1702905025296.jpg\"><img loading=\"lazy\" width=\"1080\" height=\"1436\" data-id=\"3390\"  src=\"http:\/\/erf.untz.ba\/web\/wp-content\/uploads\/2023\/12\/FB_IMG_1702905025296.jpg\" alt=\"\" class=\"wp-image-3390\" srcset=\"http:\/\/erf.untz.ba\/web\/wp-content\/uploads\/2023\/12\/FB_IMG_1702905025296.jpg 1080w, http:\/\/erf.untz.ba\/web\/wp-content\/uploads\/2023\/12\/FB_IMG_1702905025296-226x300.jpg 226w, http:\/\/erf.untz.ba\/web\/wp-content\/uploads\/2023\/12\/FB_IMG_1702905025296-770x1024.jpg 770w, http:\/\/erf.untz.ba\/web\/wp-content\/uploads\/2023\/12\/FB_IMG_1702905025296-768x1021.jpg 768w, http:\/\/erf.untz.ba\/web\/wp-content\/uploads\/2023\/12\/FB_IMG_1702905025296-203x270.jpg 203w\" sizes=\"(max-width: 1080px) 100vw, 1080px\" \/><\/a><\/figure>\n\n\n\n<figure class=\"wp-block-image size-large\"><a href=\"http:\/\/erf.untz.ba\/web\/wp-content\/uploads\/2023\/12\/FB_IMG_1702905082308.jpg\"><img loading=\"lazy\" width=\"1080\" height=\"608\" data-id=\"3388\"  src=\"http:\/\/erf.untz.ba\/web\/wp-content\/uploads\/2023\/12\/FB_IMG_1702905082308.jpg\" alt=\"\" class=\"wp-image-3388\" srcset=\"http:\/\/erf.untz.ba\/web\/wp-content\/uploads\/2023\/12\/FB_IMG_1702905082308.jpg 1080w, http:\/\/erf.untz.ba\/web\/wp-content\/uploads\/2023\/12\/FB_IMG_1702905082308-300x169.jpg 300w, http:\/\/erf.untz.ba\/web\/wp-content\/uploads\/2023\/12\/FB_IMG_1702905082308-1024x576.jpg 1024w, http:\/\/erf.untz.ba\/web\/wp-content\/uploads\/2023\/12\/FB_IMG_1702905082308-768x432.jpg 768w, http:\/\/erf.untz.ba\/web\/wp-content\/uploads\/2023\/12\/FB_IMG_1702905082308-360x203.jpg 360w\" sizes=\"(max-width: 1080px) 100vw, 1080px\" \/><\/a><\/figure>\n<\/figure>\n\n\n","protected":false},"excerpt":{"rendered":"<p>Me\u0111unarodni dan osoba sa invaliditetom ima za cilj da podigne svijest o izazovima s kojima se suo\u010davaju osobe sa invaliditetom, te da promovi\u0161e razumijevanje, podr\u0161ku, dostojanstvo i prava. Va\u017eno je zajedno graditi inkluzivno dru\u0161tvo u kojem svako lice ima priliku zablistati. Tim povodom u utorak, 5. decembra, na Kampusu Univerziteta u Tuzli, Edukacijsko-rehabilitacijski fakultet je priredio doga\u0111aj <a href=\"http:\/\/erf.untz.ba\/web\/ziva-biblioteka-za-osobe-sa-onesposobljenjem\/\" class=\"read-more\">Vi\u0161e&#8230;<\/a><\/p>\n","protected":false},"author":2,"featured_media":0,"comment_status":"open","ping_status":"open","sticky":false,"template":"","format":"standard","meta":[],"categories":[1],"tags":[],"_links":{"self":[{"href":"http:\/\/erf.untz.ba\/web\/wp-json\/wp\/v2\/posts\/3392"}],"collection":[{"href":"http:\/\/erf.untz.ba\/web\/wp-json\/wp\/v2\/posts"}],"about":[{"href":"http:\/\/erf.untz.ba\/web\/wp-json\/wp\/v2\/types\/post"}],"author":[{"embeddable":true,"href":"http:\/\/erf.untz.ba\/web\/wp-json\/wp\/v2\/users\/2"}],"replies":[{"embeddable":true,"href":"http:\/\/erf.untz.ba\/web\/wp-json\/wp\/v2\/comments?post=3392"}],"version-history":[{"count":0,"href":"http:\/\/erf.untz.ba\/web\/wp-json\/wp\/v2\/posts\/3392\/revisions"}],"wp:attachment":[{"href":"http:\/\/erf.untz.ba\/web\/wp-json\/wp\/v2\/media?parent=3392"}],"wp:term":[{"taxonomy":"category","embeddable":true,"href":"http:\/\/erf.untz.ba\/web\/wp-json\/wp\/v2\/categories?post=3392"},{"taxonomy":"post_tag","embeddable":true,"href":"http:\/\/erf.untz.ba\/web\/wp-json\/wp\/v2\/tags?post=3392"}],"curies":[{"name":"wp","href":"https:\/\/api.w.org\/{rel}","templated":true}]}}