{"id":343,"date":"2017-06-30T12:54:31","date_gmt":"2017-06-30T12:54:31","guid":{"rendered":"http:\/\/erf.untz.ba\/web\/?p=343"},"modified":"2017-06-30T12:54:31","modified_gmt":"2017-06-30T12:54:31","slug":"novi-julski-termini-i-godina-studija","status":"publish","type":"post","link":"http:\/\/erf.untz.ba\/web\/novi-julski-termini-i-godina-studija\/","title":{"rendered":"Novi julski termini  (I godina studija)"},"content":{"rendered":"<p>Ispitni termini:<\/p>\n<ul>\n<li><strong>Uvod u specijalnu edukaciju i rehabilitaciju I<\/strong> &#8211;&gt; 03.07.2017. u 11:00 h u Sali za sjednice (ERF)<\/li>\n<li><strong>Uvod u specijalnu edukaciju i rehabilitaciju II<\/strong> &#8211;&gt; 04.07.2017. u 10:00 h, Kampus (A2)<\/li>\n<li><strong>Razvoj humane komunikacije<\/strong> &#8211;&gt; 05.07.2017. u 10:00 h, \u00a0kabinet nastavnika<\/li>\n<li><strong>Inkluzivna praksa<\/strong> &#8211;&gt; 05.07.2017. u 13:30 h u sali 207<\/li>\n<li><strong>Osnove humane genetike<\/strong> &#8211;&gt; 07.07.2017. u 09:00 h, Kampus (A3)<\/li>\n<li><strong>Uvod u logopediju<\/strong> &#8211;&gt; 10.07.2017. u 11:00 h, kabinet nastavnik<\/li>\n<li><strong>Sociopedago\u0161ke osnove poreme\u0107aja u pona\u0161anju<\/strong> &#8211;&gt; 13.07.2017. u 11:00 h, \u00a0Kampus (A1)<\/li>\n<li><strong>Konfliktologija i vr\u0161nja\u010dka medijacija<\/strong> &#8211;&gt; 14.07.2017. u 09:00 h, kabinetu nastavnika<\/li>\n<\/ul>\n<p><b>Ispit iz predmeta Pedagogija<\/b><\/p>\n<p style=\"text-align: justify;\">U subotu 08. jula 2017. godine u 09:30 h ispit iz predmeta Pedagogije odr\u017eat \u0107e se u prostorijama Filozofskog fakulteta u Tuzli. Mole se studenti da na glavnom ulazu FF u predvi\u0111eno vrijeme po\u010detka ispita sa\u010dekaju\u00a0profesoricu koja \u0107e ih odvesti u prostoriju predvi\u0111enu za odr\u017eavanje ispita.<\/p>\n","protected":false},"excerpt":{"rendered":"<p>Ispitni termini: Uvod u specijalnu edukaciju i rehabilitaciju I &#8211;&gt; 03.07.2017. u 11:00 h u Sali za sjednice (ERF) Uvod u specijalnu edukaciju i rehabilitaciju II &#8211;&gt; 04.07.2017. u 10:00 h, Kampus (A2) Razvoj humane komunikacije &#8211;&gt; 05.07.2017. u 10:00 h, \u00a0kabinet nastavnika Inkluzivna praksa &#8211;&gt; 05.07.2017. u 13:30 h u sali 207 Osnove humane genetike &#8211;&gt; <a href=\"http:\/\/erf.untz.ba\/web\/novi-julski-termini-i-godina-studija\/\" class=\"read-more\">Vi\u0161e&#8230;<\/a><\/p>\n","protected":false},"author":2,"featured_media":0,"comment_status":"open","ping_status":"open","sticky":false,"template":"","format":"standard","meta":[],"categories":[5,3],"tags":[],"_links":{"self":[{"href":"http:\/\/erf.untz.ba\/web\/wp-json\/wp\/v2\/posts\/343"}],"collection":[{"href":"http:\/\/erf.untz.ba\/web\/wp-json\/wp\/v2\/posts"}],"about":[{"href":"http:\/\/erf.untz.ba\/web\/wp-json\/wp\/v2\/types\/post"}],"author":[{"embeddable":true,"href":"http:\/\/erf.untz.ba\/web\/wp-json\/wp\/v2\/users\/2"}],"replies":[{"embeddable":true,"href":"http:\/\/erf.untz.ba\/web\/wp-json\/wp\/v2\/comments?post=343"}],"version-history":[{"count":0,"href":"http:\/\/erf.untz.ba\/web\/wp-json\/wp\/v2\/posts\/343\/revisions"}],"wp:attachment":[{"href":"http:\/\/erf.untz.ba\/web\/wp-json\/wp\/v2\/media?parent=343"}],"wp:term":[{"taxonomy":"category","embeddable":true,"href":"http:\/\/erf.untz.ba\/web\/wp-json\/wp\/v2\/categories?post=343"},{"taxonomy":"post_tag","embeddable":true,"href":"http:\/\/erf.untz.ba\/web\/wp-json\/wp\/v2\/tags?post=343"}],"curies":[{"name":"wp","href":"https:\/\/api.w.org\/{rel}","templated":true}]}}