{"id":3443,"date":"2024-02-12T08:10:06","date_gmt":"2024-02-12T08:10:06","guid":{"rendered":"http:\/\/erf.untz.ba\/web\/?p=3443"},"modified":"2024-02-12T08:10:08","modified_gmt":"2024-02-12T08:10:08","slug":"medunarodni-kongres-studenata-edukacijsko-rehabilitacijskog-fakulteta","status":"publish","type":"post","link":"http:\/\/erf.untz.ba\/web\/medunarodni-kongres-studenata-edukacijsko-rehabilitacijskog-fakulteta\/","title":{"rendered":"Me\u0111unarodni kongres studenata Edukacijsko- rehabilitacijskog fakulteta"},"content":{"rendered":"<p>Po\u0161tovane kolege i kolegice,<\/p>\n<p style=\"text-align: justify;\">s veseljem vas pozivamo na <strong>5. Me\u0111unarodni kongres studenata Edukacijsko-rehabilitacijskog fakulteta \u2013 ERFUSS 2024<\/strong>., koji \u0107e se odr\u017eati od 24. do 26. svibnja 2024. godine. ERFUSS je kongres koji se od 2014. odr\u017eava svake dvije godine na kampusu Borongaj. Kratica kongresa \u2013 ERFUSS zna\u010di \u201eERF u suradnji s\u2026\u201c, \u010dime ovaj kongres nagla\u0161ava va\u017enost suradnje izme\u0111u tri studijska smjera na na\u0161em fakultetu, suradnje s ostalim strukama kao i me\u0111unarodnu suradnju. Na ovom kongresu me\u0111usobno izmjenjujemo znanja, stajali\u0161ta i iskustva te uspostavljamo poznanstva na nacionalnoj i internacionalnoj razini. Osim studenata, na kongresu \u0107e izlagati i stru\u010dnjaci sa svakog studijskog smjera koji \u0107e odr\u017eati plenarna predavanja. Upravo su iz tog razloga, sa svojim iskustvima, znanjima i pogledima, i vi\u0161e nego dobrodo\u0161li studenti srodnih disciplina poput psihologije, sociologije, pedagogije, odgojno \u2013 obrazovnih znanosti, filozofije, prava, socijalnog rada, lingvistike, fonetike, medicine, kineziologije, ali i studenti naizgled nepovezanih struka poput elektrotehnike, ra\u010dunarstva, strojarstva, arhitekture, grafi\u010dkog dizajna i umjetni\u010dkih podru\u010dja, koji svojim vje\u0161tinama i znanjima uvelike mogu doprinijeti u timu unutar edukacijsko-rehabilitacijskog podru\u010dja rada i znanosti.<\/p>\n<blockquote>\n<p style=\"text-align: justify;\">Na kongres se mo\u017eete prijaviti kao aktivni ili pasivni sudionik. Aktivno mo\u017eete sudjelovati putem usmene prezentacije, izlaganjem postera ili provo\u0111enjem radionice (uz prijavu je potrebno poslati i sa\u017eetak va\u0161eg izlaganja), dok pasivno sudjelovanje podrazumijeva slu\u0161anje predavanja i sudjelovanje na radionicama. Sa \u017eeljom da naglasimo interaktivnu prirodu kongresa, svi \u0107e sudionici mo\u0107i sudjelovati na radionicama, tribinama, okruglim stolovima i ostalim oblicima rasprava.<\/p>\n<\/blockquote>\n<p style=\"text-align: justify;\">Cijena kotizacije za pasivne sudionike iznosi 8 eura, dok za aktivne sudionike ista nije predvi\u0111ena. Ovaj dopis slu\u017ei vama, studentima kako bi mogli razmisliti o prijavi na Kongres, kako bi mogli odabrati i promisliti o temama koje \u017eele predstavljati, a mi \u0107emo se uskoro javiti s malo vi\u0161e informacija! Keep tuned! <strong>Veselimo se nadolaze\u0107em susretu, a za sva Va\u0161a pitanja, nedoumice ili nejasno\u0107e slobodno nam se obratite putem mail adrese: erfuss2024@gmail.com<\/strong><\/p>\n<p style=\"text-align: justify;\">Organizacijski odbor ERFUSS&#8217;24<\/p>\n","protected":false},"excerpt":{"rendered":"<p>Po\u0161tovane kolege i kolegice, s veseljem vas pozivamo na 5. Me\u0111unarodni kongres studenata Edukacijsko-rehabilitacijskog fakulteta \u2013 ERFUSS 2024., koji \u0107e se odr\u017eati od 24. do 26. svibnja 2024. godine. ERFUSS je kongres koji se od 2014. odr\u017eava svake dvije godine na kampusu Borongaj. Kratica kongresa \u2013 ERFUSS zna\u010di \u201eERF u suradnji s\u2026\u201c, \u010dime ovaj kongres nagla\u0161ava va\u017enost <a href=\"http:\/\/erf.untz.ba\/web\/medunarodni-kongres-studenata-edukacijsko-rehabilitacijskog-fakulteta\/\" class=\"read-more\">Vi\u0161e&#8230;<\/a><\/p>\n","protected":false},"author":2,"featured_media":0,"comment_status":"open","ping_status":"open","sticky":false,"template":"","format":"standard","meta":[],"categories":[],"tags":[],"_links":{"self":[{"href":"http:\/\/erf.untz.ba\/web\/wp-json\/wp\/v2\/posts\/3443"}],"collection":[{"href":"http:\/\/erf.untz.ba\/web\/wp-json\/wp\/v2\/posts"}],"about":[{"href":"http:\/\/erf.untz.ba\/web\/wp-json\/wp\/v2\/types\/post"}],"author":[{"embeddable":true,"href":"http:\/\/erf.untz.ba\/web\/wp-json\/wp\/v2\/users\/2"}],"replies":[{"embeddable":true,"href":"http:\/\/erf.untz.ba\/web\/wp-json\/wp\/v2\/comments?post=3443"}],"version-history":[{"count":0,"href":"http:\/\/erf.untz.ba\/web\/wp-json\/wp\/v2\/posts\/3443\/revisions"}],"wp:attachment":[{"href":"http:\/\/erf.untz.ba\/web\/wp-json\/wp\/v2\/media?parent=3443"}],"wp:term":[{"taxonomy":"category","embeddable":true,"href":"http:\/\/erf.untz.ba\/web\/wp-json\/wp\/v2\/categories?post=3443"},{"taxonomy":"post_tag","embeddable":true,"href":"http:\/\/erf.untz.ba\/web\/wp-json\/wp\/v2\/tags?post=3443"}],"curies":[{"name":"wp","href":"https:\/\/api.w.org\/{rel}","templated":true}]}}