{"id":3465,"date":"2024-03-22T00:44:24","date_gmt":"2024-03-22T00:44:24","guid":{"rendered":"http:\/\/erf.untz.ba\/web\/?p=3465"},"modified":"2024-03-22T00:44:26","modified_gmt":"2024-03-22T00:44:26","slug":"obiljezen-21-mart-svjetski-dan-osoba-sa-down-sindromom","status":"publish","type":"post","link":"http:\/\/erf.untz.ba\/web\/obiljezen-21-mart-svjetski-dan-osoba-sa-down-sindromom\/","title":{"rendered":"Obilje\u017een 21.mart Svjetski dan osoba sa Down sindromom"},"content":{"rendered":"<p style=\"text-align: justify;\">Povodom 21.marta Svjetskog dana osoba sa Down sindromom studenti tre\u0107e godine Edukacijsko-rehabilitacijskog fakulteta studijskog programa &#8220;Specijalna edukacija i rehabilitacija&#8221; Lana Stani\u0107 i Amer Kalabi\u0107 svoja znanja i vje\u0161tine aktivno su primjenili u lokalnoj zajednici. Oni su kreirali bojanku \u201cDOWN\u201d sa autorskim crte\u017eima i pri\u010dom o djeci sa Down sindromom.<\/p>\n<blockquote>\n<p style=\"text-align: justify;\">Povodom 21. marta, Svjetskog dana osoba sa Down sindromom, bojanke su ugledale svjetlo dana, na interaktivnoj radionici, koju su studenti odr\u017eali sa pred\u0161kolarcima u PPU Montessori IQ Kutak.<\/p>\n<\/blockquote>\n\n\n<p>Ovakve\u00a0 i sli\u010dne aktivnosti dokaz su da studentske participativnosti bazirane na ste\u010denom znanju koriste dru\u0161tvu i zajednici.<\/p>\n<p>#upi\u0161iistudiraj<\/p>\n<p>#erftuzla<\/p>\n<p>#jedinstveni<\/p>\n<p>\u00a0<\/p>\n\n\n\n<figure class=\"wp-block-gallery has-nested-images columns-default is-cropped\">\n<figure class=\"wp-block-image size-large\"><a href=\"http:\/\/erf.untz.ba\/web\/wp-content\/uploads\/2024\/03\/FB_IMG_1711067410700.jpg\"><img loading=\"lazy\" width=\"1080\" height=\"810\" data-id=\"3462\"  src=\"http:\/\/erf.untz.ba\/web\/wp-content\/uploads\/2024\/03\/FB_IMG_1711067410700.jpg\" alt=\"\" class=\"wp-image-3462\" srcset=\"http:\/\/erf.untz.ba\/web\/wp-content\/uploads\/2024\/03\/FB_IMG_1711067410700.jpg 1080w, http:\/\/erf.untz.ba\/web\/wp-content\/uploads\/2024\/03\/FB_IMG_1711067410700-300x225.jpg 300w, http:\/\/erf.untz.ba\/web\/wp-content\/uploads\/2024\/03\/FB_IMG_1711067410700-1024x768.jpg 1024w, http:\/\/erf.untz.ba\/web\/wp-content\/uploads\/2024\/03\/FB_IMG_1711067410700-768x576.jpg 768w, http:\/\/erf.untz.ba\/web\/wp-content\/uploads\/2024\/03\/FB_IMG_1711067410700-360x270.jpg 360w\" sizes=\"(max-width: 1080px) 100vw, 1080px\" \/><\/a><\/figure>\n\n\n\n<figure class=\"wp-block-image size-large\"><a href=\"http:\/\/erf.untz.ba\/web\/wp-content\/uploads\/2024\/03\/FB_IMG_1711067354622.jpg\"><img loading=\"lazy\" width=\"1080\" height=\"1440\" data-id=\"3464\"  src=\"http:\/\/erf.untz.ba\/web\/wp-content\/uploads\/2024\/03\/FB_IMG_1711067354622.jpg\" alt=\"\" class=\"wp-image-3464\" srcset=\"http:\/\/erf.untz.ba\/web\/wp-content\/uploads\/2024\/03\/FB_IMG_1711067354622.jpg 1080w, http:\/\/erf.untz.ba\/web\/wp-content\/uploads\/2024\/03\/FB_IMG_1711067354622-225x300.jpg 225w, http:\/\/erf.untz.ba\/web\/wp-content\/uploads\/2024\/03\/FB_IMG_1711067354622-768x1024.jpg 768w, http:\/\/erf.untz.ba\/web\/wp-content\/uploads\/2024\/03\/FB_IMG_1711067354622-203x270.jpg 203w\" sizes=\"(max-width: 1080px) 100vw, 1080px\" \/><\/a><\/figure>\n\n\n\n<figure class=\"wp-block-image size-large\"><a href=\"http:\/\/erf.untz.ba\/web\/wp-content\/uploads\/2024\/03\/FB_IMG_1711067369510.jpg\"><img loading=\"lazy\" width=\"1080\" height=\"1440\" data-id=\"3463\"  src=\"http:\/\/erf.untz.ba\/web\/wp-content\/uploads\/2024\/03\/FB_IMG_1711067369510.jpg\" alt=\"\" class=\"wp-image-3463\" srcset=\"http:\/\/erf.untz.ba\/web\/wp-content\/uploads\/2024\/03\/FB_IMG_1711067369510.jpg 1080w, http:\/\/erf.untz.ba\/web\/wp-content\/uploads\/2024\/03\/FB_IMG_1711067369510-225x300.jpg 225w, http:\/\/erf.untz.ba\/web\/wp-content\/uploads\/2024\/03\/FB_IMG_1711067369510-768x1024.jpg 768w, http:\/\/erf.untz.ba\/web\/wp-content\/uploads\/2024\/03\/FB_IMG_1711067369510-203x270.jpg 203w\" sizes=\"(max-width: 1080px) 100vw, 1080px\" \/><\/a><\/figure>\n\n\n\n<figure class=\"wp-block-image size-large\"><a href=\"http:\/\/erf.untz.ba\/web\/wp-content\/uploads\/2024\/03\/FB_IMG_1711067422711.jpg\"><img loading=\"lazy\" width=\"960\" height=\"1693\" data-id=\"3461\"  src=\"http:\/\/erf.untz.ba\/web\/wp-content\/uploads\/2024\/03\/FB_IMG_1711067422711.jpg\" alt=\"\" class=\"wp-image-3461\" srcset=\"http:\/\/erf.untz.ba\/web\/wp-content\/uploads\/2024\/03\/FB_IMG_1711067422711.jpg 960w, http:\/\/erf.untz.ba\/web\/wp-content\/uploads\/2024\/03\/FB_IMG_1711067422711-170x300.jpg 170w, http:\/\/erf.untz.ba\/web\/wp-content\/uploads\/2024\/03\/FB_IMG_1711067422711-581x1024.jpg 581w, http:\/\/erf.untz.ba\/web\/wp-content\/uploads\/2024\/03\/FB_IMG_1711067422711-768x1354.jpg 768w, http:\/\/erf.untz.ba\/web\/wp-content\/uploads\/2024\/03\/FB_IMG_1711067422711-871x1536.jpg 871w, http:\/\/erf.untz.ba\/web\/wp-content\/uploads\/2024\/03\/FB_IMG_1711067422711-153x270.jpg 153w\" sizes=\"(max-width: 960px) 100vw, 960px\" \/><\/a><\/figure>\n<\/figure>\n","protected":false},"excerpt":{"rendered":"<p>Povodom 21.marta Svjetskog dana osoba sa Down sindromom studenti tre\u0107e godine Edukacijsko-rehabilitacijskog fakulteta studijskog programa &#8220;Specijalna edukacija i rehabilitacija&#8221; Lana Stani\u0107 i Amer Kalabi\u0107 svoja znanja i vje\u0161tine aktivno su primjenili u lokalnoj zajednici. Oni su kreirali bojanku \u201cDOWN\u201d sa autorskim crte\u017eima i pri\u010dom o djeci sa Down sindromom. Povodom 21. marta, Svjetskog dana osoba sa Down <a href=\"http:\/\/erf.untz.ba\/web\/obiljezen-21-mart-svjetski-dan-osoba-sa-down-sindromom\/\" class=\"read-more\">Vi\u0161e&#8230;<\/a><\/p>\n","protected":false},"author":2,"featured_media":0,"comment_status":"open","ping_status":"open","sticky":false,"template":"","format":"standard","meta":[],"categories":[1],"tags":[],"_links":{"self":[{"href":"http:\/\/erf.untz.ba\/web\/wp-json\/wp\/v2\/posts\/3465"}],"collection":[{"href":"http:\/\/erf.untz.ba\/web\/wp-json\/wp\/v2\/posts"}],"about":[{"href":"http:\/\/erf.untz.ba\/web\/wp-json\/wp\/v2\/types\/post"}],"author":[{"embeddable":true,"href":"http:\/\/erf.untz.ba\/web\/wp-json\/wp\/v2\/users\/2"}],"replies":[{"embeddable":true,"href":"http:\/\/erf.untz.ba\/web\/wp-json\/wp\/v2\/comments?post=3465"}],"version-history":[{"count":0,"href":"http:\/\/erf.untz.ba\/web\/wp-json\/wp\/v2\/posts\/3465\/revisions"}],"wp:attachment":[{"href":"http:\/\/erf.untz.ba\/web\/wp-json\/wp\/v2\/media?parent=3465"}],"wp:term":[{"taxonomy":"category","embeddable":true,"href":"http:\/\/erf.untz.ba\/web\/wp-json\/wp\/v2\/categories?post=3465"},{"taxonomy":"post_tag","embeddable":true,"href":"http:\/\/erf.untz.ba\/web\/wp-json\/wp\/v2\/tags?post=3465"}],"curies":[{"name":"wp","href":"https:\/\/api.w.org\/{rel}","templated":true}]}}