{"id":3471,"date":"2024-03-25T18:56:36","date_gmt":"2024-03-25T18:56:36","guid":{"rendered":"http:\/\/erf.untz.ba\/web\/?p=3471"},"modified":"2024-03-25T18:56:38","modified_gmt":"2024-03-25T18:56:38","slug":"poziv-na-okrugli-sto","status":"publish","type":"post","link":"http:\/\/erf.untz.ba\/web\/poziv-na-okrugli-sto\/","title":{"rendered":"Poziv na Okrugli sto"},"content":{"rendered":"<p style=\"text-align: justify;\">Okrugli sto na temu \u201e<strong>Od rane intervencije do obrazovne i socijalne inkluzije<\/strong>\u201c odr\u017eat \u0107e se 01.04.2024 godine od 10.00-12.00 sati na Univerzitetu u Tuzli, Fakultetu za tjelesni odgoj i sport (Amfiteatar).<\/p>\n<p style=\"text-align: justify;\">Okrugli sto je prilika da se o polo\u017eaju i problemima populacije osoba sa pote\u0161ko\u0107ama u razvoju otvoreno i konstruktivno raspravlja. Cilj okruglog stola je stvaranje mogu\u010dnosti intersektorske saradnje radi uvo\u0111enja i iskori\u0161tavanja postoje\u0107ih resursa zajednice kako bi se stvorio temelj nediskriminiraju\u0107eg polo\u017eaja osoba sa pote\u0161ko\u0107ama u razvoju u dru\u0161tvu.<\/p>\n<p>\u00a0<\/p>\n\n\n<figure class=\"wp-block-gallery has-nested-images columns-default is-cropped\">\n<figure class=\"wp-block-image size-large\"><a href=\"http:\/\/erf.untz.ba\/web\/wp-content\/uploads\/2024\/03\/IMG-6faf0d688686dbfe23744c93120abb4b-V-1.jpg\"><img loading=\"lazy\" width=\"724\" height=\"1024\" data-id=\"3472\"  src=\"http:\/\/erf.untz.ba\/web\/wp-content\/uploads\/2024\/03\/IMG-6faf0d688686dbfe23744c93120abb4b-V-1-724x1024.jpg\" alt=\"\" class=\"wp-image-3472\" srcset=\"http:\/\/erf.untz.ba\/web\/wp-content\/uploads\/2024\/03\/IMG-6faf0d688686dbfe23744c93120abb4b-V-1-724x1024.jpg 724w, http:\/\/erf.untz.ba\/web\/wp-content\/uploads\/2024\/03\/IMG-6faf0d688686dbfe23744c93120abb4b-V-1-212x300.jpg 212w, http:\/\/erf.untz.ba\/web\/wp-content\/uploads\/2024\/03\/IMG-6faf0d688686dbfe23744c93120abb4b-V-1-768x1086.jpg 768w, http:\/\/erf.untz.ba\/web\/wp-content\/uploads\/2024\/03\/IMG-6faf0d688686dbfe23744c93120abb4b-V-1-1087x1536.jpg 1087w, http:\/\/erf.untz.ba\/web\/wp-content\/uploads\/2024\/03\/IMG-6faf0d688686dbfe23744c93120abb4b-V-1-191x270.jpg 191w, http:\/\/erf.untz.ba\/web\/wp-content\/uploads\/2024\/03\/IMG-6faf0d688686dbfe23744c93120abb4b-V-1.jpg 1132w\" sizes=\"(max-width: 724px) 100vw, 724px\" \/><\/a><\/figure>\n\n\n\n<figure class=\"wp-block-image size-large\"><a href=\"http:\/\/erf.untz.ba\/web\/wp-content\/uploads\/2024\/03\/IMG-3f53b2ba2254a6146587e1874941abcf-V-1.jpg\"><img loading=\"lazy\" width=\"724\" height=\"1024\" data-id=\"3473\"  src=\"http:\/\/erf.untz.ba\/web\/wp-content\/uploads\/2024\/03\/IMG-3f53b2ba2254a6146587e1874941abcf-V-1-724x1024.jpg\" alt=\"\" class=\"wp-image-3473\" srcset=\"http:\/\/erf.untz.ba\/web\/wp-content\/uploads\/2024\/03\/IMG-3f53b2ba2254a6146587e1874941abcf-V-1-724x1024.jpg 724w, http:\/\/erf.untz.ba\/web\/wp-content\/uploads\/2024\/03\/IMG-3f53b2ba2254a6146587e1874941abcf-V-1-212x300.jpg 212w, http:\/\/erf.untz.ba\/web\/wp-content\/uploads\/2024\/03\/IMG-3f53b2ba2254a6146587e1874941abcf-V-1-768x1086.jpg 768w, http:\/\/erf.untz.ba\/web\/wp-content\/uploads\/2024\/03\/IMG-3f53b2ba2254a6146587e1874941abcf-V-1-1087x1536.jpg 1087w, http:\/\/erf.untz.ba\/web\/wp-content\/uploads\/2024\/03\/IMG-3f53b2ba2254a6146587e1874941abcf-V-1-191x270.jpg 191w, http:\/\/erf.untz.ba\/web\/wp-content\/uploads\/2024\/03\/IMG-3f53b2ba2254a6146587e1874941abcf-V-1.jpg 1132w\" sizes=\"(max-width: 724px) 100vw, 724px\" \/><\/a><\/figure>\n<\/figure>\n","protected":false},"excerpt":{"rendered":"<p>Okrugli sto na temu \u201eOd rane intervencije do obrazovne i socijalne inkluzije\u201c odr\u017eat \u0107e se 01.04.2024 godine od 10.00-12.00 sati na Univerzitetu u Tuzli, Fakultetu za tjelesni odgoj i sport (Amfiteatar). Okrugli sto je prilika da se o polo\u017eaju i problemima populacije osoba sa pote\u0161ko\u0107ama u razvoju otvoreno i konstruktivno raspravlja. Cilj okruglog stola je stvaranje mogu\u010dnosti <a href=\"http:\/\/erf.untz.ba\/web\/poziv-na-okrugli-sto\/\" class=\"read-more\">Vi\u0161e&#8230;<\/a><\/p>\n","protected":false},"author":2,"featured_media":0,"comment_status":"open","ping_status":"open","sticky":false,"template":"","format":"standard","meta":[],"categories":[1],"tags":[],"_links":{"self":[{"href":"http:\/\/erf.untz.ba\/web\/wp-json\/wp\/v2\/posts\/3471"}],"collection":[{"href":"http:\/\/erf.untz.ba\/web\/wp-json\/wp\/v2\/posts"}],"about":[{"href":"http:\/\/erf.untz.ba\/web\/wp-json\/wp\/v2\/types\/post"}],"author":[{"embeddable":true,"href":"http:\/\/erf.untz.ba\/web\/wp-json\/wp\/v2\/users\/2"}],"replies":[{"embeddable":true,"href":"http:\/\/erf.untz.ba\/web\/wp-json\/wp\/v2\/comments?post=3471"}],"version-history":[{"count":0,"href":"http:\/\/erf.untz.ba\/web\/wp-json\/wp\/v2\/posts\/3471\/revisions"}],"wp:attachment":[{"href":"http:\/\/erf.untz.ba\/web\/wp-json\/wp\/v2\/media?parent=3471"}],"wp:term":[{"taxonomy":"category","embeddable":true,"href":"http:\/\/erf.untz.ba\/web\/wp-json\/wp\/v2\/categories?post=3471"},{"taxonomy":"post_tag","embeddable":true,"href":"http:\/\/erf.untz.ba\/web\/wp-json\/wp\/v2\/tags?post=3471"}],"curies":[{"name":"wp","href":"https:\/\/api.w.org\/{rel}","templated":true}]}}