{"id":3501,"date":"2024-05-21T22:06:16","date_gmt":"2024-05-21T22:06:16","guid":{"rendered":"http:\/\/erf.untz.ba\/web\/?p=3501"},"modified":"2024-05-21T22:06:18","modified_gmt":"2024-05-21T22:06:18","slug":"odrzan-panel-povodom-obiljezavanja-dana-svjesnosti-o-pristupacnosti","status":"publish","type":"post","link":"http:\/\/erf.untz.ba\/web\/odrzan-panel-povodom-obiljezavanja-dana-svjesnosti-o-pristupacnosti\/","title":{"rendered":"Odr\u017ean panel povodom obilje\u017eavanja Dana svjesnosti o pristupa\u010dnosti"},"content":{"rendered":"\n\n<p style=\"text-align: justify;\">Dana, 16.05.2024. godine u prostorijama Grand Hotel Tuzla u Tuzli, odr\u017ean je panel od strane Internet dru\u0161tva u Bosni i Hercegovini u partnerstvu sa Udru\u017eenjem gra\u0111ana o\u0161te\u0107enog vida Tuzla, koji je finansiran od strane Fondacije Internet Society.<\/p>\n<p style=\"text-align: justify;\">U okviru panela predstavljeni su rezultati projekta \u201cInternet kao alat za osna\u017eivanje glasova osoba sa invaliditetom\u201d koji je finansirala Fondacija Internet Society.<\/p>\n<p style=\"text-align: justify;\">Tom prilikom, prikazan je zajedni\u010dki video u kojem deset slijepih osoba iz cijele BiH nakon zavr\u0161ene obuke, predstavlja svoje radove koje su sami snimili, obradili i javno objavili (<a href=\"https:\/\/youtu.be\/J9FQtOI03tE\" target=\"_blank\" rel=\"noopener\">https:\/\/youtu.be\/J9FQtOI03tE<\/a>). Njihov doprinos medijskom prostoru i inkluziji je veoma zna\u010dajan jer su slijepe osobe kroz sam proces kreiranja sadr\u017eaja uspjeli savladati prepreke digitalne nepristupa\u010dnosti.<\/p>\n<p style=\"text-align: justify;\">Na panelu su u\u010destvovali predstavnici Edukacijsko-rehabilitacijskog fakulteta u Tuzli. Prof. dr. sci. Vesna Bratov\u010di\u0107 je predstavila prezentaciju \u201cHarvesting (digital) Alternation in Ways that Knock-down Inaccessibility of New Generations \u2013 HAWKING\u201d, dok je prof. dr. sci. Senad Mehmedinovi\u0107 predstavio prezentaciju \u201cZna\u010daj pristupa\u010dnosti u samostalnosti i zapo\u0161ljavanju osoba sa invaliditetom\u201d.<\/p>\n<p style=\"text-align: justify;\">Prof. dr. sci. Aljo Muj\u010di\u0107 sa Elektrotehni\u010dkog fakulteta u Tuzli je dao osvrt na zna\u010daj asistivnih tehnologija za samostalan \u017eivot osoba sa invaliditetom.<\/p>\n<p style=\"text-align: justify;\">Moderator panela je bio prof. Haris Omeragi\u0107.<\/p>\n<figure id=\"attachment_1606\" class=\"wp-caption alignnone\" aria-describedby=\"caption-attachment-1606\"><img loading=\"lazy\" class=\"size-full wp-image-1606\" src=\"http:\/\/internetsociety.ba\/wp-content\/uploads\/2024\/05\/01-panel-bs.jpg\" sizes=\"(max-width: 800px) 100vw, 800px\" srcset=\"https:\/\/internetsociety.ba\/wp-content\/uploads\/2024\/05\/01-panel-bs.jpg 800w, https:\/\/internetsociety.ba\/wp-content\/uploads\/2024\/05\/01-panel-bs-352x215.jpg 352w, https:\/\/internetsociety.ba\/wp-content\/uploads\/2024\/05\/01-panel-bs-150x92.jpg 150w, https:\/\/internetsociety.ba\/wp-content\/uploads\/2024\/05\/01-panel-bs-768x468.jpg 768w\" alt=\"Slika 1. Prof. dr. sci. Vesna Bratov\u010di\u0107 sa Edukacijsko-rehabilitacijskog fakulteta u Tuzli predstavila je prezentaciju HAWKING.\" width=\"800\" height=\"488\" \/>\n<figcaption id=\"caption-attachment-1606\" class=\"wp-caption-text\">Slika 1. Prof. dr. sci. Vesna Bratov\u010di\u0107 sa Edukacijsko-rehabilitacijskog fakulteta u Tuzli predstavila je prezentaciju HAWKING.<\/figcaption>\n<\/figure>\n<p>\u00a0<\/p>\n<figure id=\"attachment_1607\" class=\"wp-caption alignnone\" aria-describedby=\"caption-attachment-1607\"><img loading=\"lazy\" class=\"size-full wp-image-1607\" src=\"http:\/\/internetsociety.ba\/wp-content\/uploads\/2024\/05\/02-panel-bs.jpg\" sizes=\"(max-width: 800px) 100vw, 800px\" srcset=\"https:\/\/internetsociety.ba\/wp-content\/uploads\/2024\/05\/02-panel-bs.jpg 800w, https:\/\/internetsociety.ba\/wp-content\/uploads\/2024\/05\/02-panel-bs-352x215.jpg 352w, https:\/\/internetsociety.ba\/wp-content\/uploads\/2024\/05\/02-panel-bs-150x92.jpg 150w, https:\/\/internetsociety.ba\/wp-content\/uploads\/2024\/05\/02-panel-bs-768x468.jpg 768w\" alt=\"Slika 2. Prof. dr. sci. Aljo Muj\u010di\u0107 sa Elektrotehni\u010dkog fakulteta u Tuzli je govorio o zna\u010daju informaciono komunikacionih tehnologija za samostalan \u017eivot osoba sa invaliditetom.\" width=\"800\" height=\"488\" \/>\n<figcaption id=\"caption-attachment-1607\" class=\"wp-caption-text\">Slika 2. Prof. dr. sci. Aljo Muj\u010di\u0107 sa Elektrotehni\u010dkog fakulteta u Tuzli je govorio o zna\u010daju informaciono komunikacionih tehnologija za samostalan \u017eivot osoba sa invaliditetom.<\/figcaption>\n<\/figure>\n<p>\u00a0<\/p>\n<figure id=\"attachment_1608\" class=\"wp-caption alignnone\" aria-describedby=\"caption-attachment-1608\"><img loading=\"lazy\" class=\"size-full wp-image-1608\" src=\"http:\/\/internetsociety.ba\/wp-content\/uploads\/2024\/05\/03-panel-bs.jpg\" sizes=\"(max-width: 800px) 100vw, 800px\" srcset=\"https:\/\/internetsociety.ba\/wp-content\/uploads\/2024\/05\/03-panel-bs.jpg 800w, https:\/\/internetsociety.ba\/wp-content\/uploads\/2024\/05\/03-panel-bs-352x215.jpg 352w, https:\/\/internetsociety.ba\/wp-content\/uploads\/2024\/05\/03-panel-bs-150x92.jpg 150w, https:\/\/internetsociety.ba\/wp-content\/uploads\/2024\/05\/03-panel-bs-768x468.jpg 768w\" alt=\"Slika 3. Prof. dr. sci. Senad Mehmedinovi\u0107 sa Edukacijsko-rehabilitacijskog fakulteta u Tuzli predstavio je prezentaciju na temu zna\u010daja pristupa\u010dnosti. \" width=\"800\" height=\"488\" \/>\n<figcaption id=\"caption-attachment-1608\" class=\"wp-caption-text\">Slika 3. Prof. dr. sci. Senad Mehmedinovi\u0107 sa Edukacijsko-rehabilitacijskog fakulteta u Tuzli predstavio je prezentaciju na temu zna\u010daja pristupa\u010dnosti.<\/figcaption>\n<\/figure>","protected":false},"excerpt":{"rendered":"<p>Dana, 16.05.2024. godine u prostorijama Grand Hotel Tuzla u Tuzli, odr\u017ean je panel od strane Internet dru\u0161tva u Bosni i Hercegovini u partnerstvu sa Udru\u017eenjem gra\u0111ana o\u0161te\u0107enog vida Tuzla, koji je finansiran od strane Fondacije Internet Society. U okviru panela predstavljeni su rezultati projekta \u201cInternet kao alat za osna\u017eivanje glasova osoba sa invaliditetom\u201d koji je finansirala Fondacija <a href=\"http:\/\/erf.untz.ba\/web\/odrzan-panel-povodom-obiljezavanja-dana-svjesnosti-o-pristupacnosti\/\" class=\"read-more\">Vi\u0161e&#8230;<\/a><\/p>\n","protected":false},"author":2,"featured_media":0,"comment_status":"open","ping_status":"open","sticky":false,"template":"","format":"standard","meta":[],"categories":[1],"tags":[],"_links":{"self":[{"href":"http:\/\/erf.untz.ba\/web\/wp-json\/wp\/v2\/posts\/3501"}],"collection":[{"href":"http:\/\/erf.untz.ba\/web\/wp-json\/wp\/v2\/posts"}],"about":[{"href":"http:\/\/erf.untz.ba\/web\/wp-json\/wp\/v2\/types\/post"}],"author":[{"embeddable":true,"href":"http:\/\/erf.untz.ba\/web\/wp-json\/wp\/v2\/users\/2"}],"replies":[{"embeddable":true,"href":"http:\/\/erf.untz.ba\/web\/wp-json\/wp\/v2\/comments?post=3501"}],"version-history":[{"count":0,"href":"http:\/\/erf.untz.ba\/web\/wp-json\/wp\/v2\/posts\/3501\/revisions"}],"wp:attachment":[{"href":"http:\/\/erf.untz.ba\/web\/wp-json\/wp\/v2\/media?parent=3501"}],"wp:term":[{"taxonomy":"category","embeddable":true,"href":"http:\/\/erf.untz.ba\/web\/wp-json\/wp\/v2\/categories?post=3501"},{"taxonomy":"post_tag","embeddable":true,"href":"http:\/\/erf.untz.ba\/web\/wp-json\/wp\/v2\/tags?post=3501"}],"curies":[{"name":"wp","href":"https:\/\/api.w.org\/{rel}","templated":true}]}}