{"id":3575,"date":"2024-09-20T20:40:02","date_gmt":"2024-09-20T20:40:02","guid":{"rendered":"http:\/\/erf.untz.ba\/web\/?p=3575"},"modified":"2024-09-20T20:40:03","modified_gmt":"2024-09-20T20:40:03","slug":"institucionalni-odgovor-pravosudnog-sektora-na-nasilje-u-porodici","status":"publish","type":"post","link":"http:\/\/erf.untz.ba\/web\/institucionalni-odgovor-pravosudnog-sektora-na-nasilje-u-porodici\/","title":{"rendered":"Institucionalni odgovor pravosudnog sektora na nasilje u porodici"},"content":{"rendered":"<p style=\"text-align: justify;\">Dana 17.septembra odr\u017eana je Zajedni\u010dka tematska sjednica oba doma Parlamenta Federacije Bosne i Hercegovine o institucionalnom odgovoru pravosudnog sektora na nasilje u porodici i rodno zasnovano nasilje koja je okupila stru\u010dnjake iz oblasti pravosu\u0111a, policije, ministarstava pravde, me\u0111unarodne zajednice i stru\u010dnjake iz nauke i prakse koji se bave ovom problematikom. S obzirom da uprkos sve ve\u0107oj pa\u017enji koja se u javnosti posve\u0107uje pitanju nasilja u porodici, i dalje svjedo\u010dimo svirepim djelima nasilja nad \u017eenama \u0161irom BiH, pokazuju da oblici prevencije i tretmana i va\u017ee\u0107i zakonski okvir, a naro\u010dito njegova primjena, su nezadovoljavaju\u0107i da sprije\u010de nasilje i sankcioni\u0161u po\u010dinioce. Sjednici je prisustvovala i predstavnica Edukacijsko-rehabilitacijskog fakulteta, Univerziteta u Tuzli, sa Odsjeka za poreme\u0107aje u pona\u0161anju.<\/p>\n<p style=\"text-align: justify;\"><a href=\"http:\/\/erf.untz.ba\/web\/wp-content\/uploads\/2024\/09\/viber_image_2024-09-20_12-52-36-190.jpg\"><img loading=\"lazy\" class=\"size-medium wp-image-3572 alignleft\" src=\"http:\/\/erf.untz.ba\/web\/wp-content\/uploads\/2024\/09\/viber_image_2024-09-20_12-52-36-190-225x300.jpg\" alt=\"\" width=\"225\" height=\"300\" srcset=\"http:\/\/erf.untz.ba\/web\/wp-content\/uploads\/2024\/09\/viber_image_2024-09-20_12-52-36-190-225x300.jpg 225w, http:\/\/erf.untz.ba\/web\/wp-content\/uploads\/2024\/09\/viber_image_2024-09-20_12-52-36-190-768x1024.jpg 768w, http:\/\/erf.untz.ba\/web\/wp-content\/uploads\/2024\/09\/viber_image_2024-09-20_12-52-36-190-1152x1536.jpg 1152w, http:\/\/erf.untz.ba\/web\/wp-content\/uploads\/2024\/09\/viber_image_2024-09-20_12-52-36-190-203x270.jpg 203w, http:\/\/erf.untz.ba\/web\/wp-content\/uploads\/2024\/09\/viber_image_2024-09-20_12-52-36-190.jpg 1200w\" sizes=\"(max-width: 225px) 100vw, 225px\" \/><\/a>Prof.dr. Lejla Kurali\u0107-\u0106i\u0161i\u0107, na tematskoj sjednici Parlamenta Federacije Bosne i Hercegovine, iznijela je zahtjeve koji se odnose na sljede\u0107e:<\/p>\n<p style=\"text-align: justify;\">U cilju trajnijeg rje\u0161avanja problema nasilja nad \u017eenama i sistemskih izmjena legislative i prevencije nasilja me\u0111u patrnerima i nad djecom tra\u017eim:<\/p>\n<p style=\"text-align: justify;\">-Za \u017eene, \u017ertve nasilja u porodici, naknadu u iznosu od 1000 km, u trajanju od godinu dana ili du\u017ee ukoliko postoji opravdana potreba i ukoliko se nisu stvorili uslovi za sigurnost \u017eene i djece, i u tom slu\u010daju naknada da traje sve do okon\u010danja krivi\u010dno pravnog postupka protiv nasilnika, ra\u010dunaju\u0107i istra\u017eni postupak, su\u0111enje do prvostepene odluke, \u017ealbeni postupak i upu\u0107ivanje nasilnika na izdr\u017eavanje kazne, a sve u cilju prevazila\u017eenja kriznog perioda u kome se \u017eena sa djecom ili bez njih na\u0161la u slu\u010daju pretrpljenog nasilja u porodici, kako bi ukoliko je ekonomski ovisna o patrneru nasilniku, samostalno mogla da prehrani djecu i sebe, bez da je na teretu \u010dlanovima \u0161ire porodice.<\/p>\n<p style=\"text-align: justify;\"><a href=\"http:\/\/erf.untz.ba\/web\/wp-content\/uploads\/2024\/09\/viber_image_2024-09-20_12-51-47-296.jpg\"><img loading=\"lazy\" class=\"size-medium wp-image-3574 alignleft\" src=\"http:\/\/erf.untz.ba\/web\/wp-content\/uploads\/2024\/09\/viber_image_2024-09-20_12-51-47-296-300x169.jpg\" alt=\"\" width=\"300\" height=\"169\" srcset=\"http:\/\/erf.untz.ba\/web\/wp-content\/uploads\/2024\/09\/viber_image_2024-09-20_12-51-47-296-300x169.jpg 300w, http:\/\/erf.untz.ba\/web\/wp-content\/uploads\/2024\/09\/viber_image_2024-09-20_12-51-47-296-1024x577.jpg 1024w, http:\/\/erf.untz.ba\/web\/wp-content\/uploads\/2024\/09\/viber_image_2024-09-20_12-51-47-296-768x433.jpg 768w, http:\/\/erf.untz.ba\/web\/wp-content\/uploads\/2024\/09\/viber_image_2024-09-20_12-51-47-296-360x203.jpg 360w, http:\/\/erf.untz.ba\/web\/wp-content\/uploads\/2024\/09\/viber_image_2024-09-20_12-51-47-296.jpg 1096w\" sizes=\"(max-width: 300px) 100vw, 300px\" \/><\/a>-Zapo\u0161ljavanje stru\u010dnog kadra u odgojno-obrazovnim institucijama, profil socijalnog pedagoga kako bi se djeci koja imaju emocionalne i probleme u pona\u0161anju usljed pretpljenog nasilja u porodici pru\u017eila stru\u010dna pomo\u0107, ali i djeci koja nasilje i torturu trpe svakodnevno, a majka. nikad, taj \u010din, nije prijavila, a djeca su svakodnevno izlo\u017eena porodi\u010dnom nasilju.<\/p>\n<p style=\"text-align: justify;\">-Hitno postupanje Ministarstava unutra\u0161njih poslova i Tu\u017eila\u0161tava po kantonima u cilju pravovremenog djelovanja i prevencije letalnog ishoda (ubistva) tokom nasilja u bra\u010dnim ili vanbra\u010dnim odnosima.<\/p>\n<p style=\"text-align: justify;\">-Imje\u0161tanje nasilnika iz porodi\u010dnog doma, a ne djece i supruge nasilnika.<\/p>\n<p style=\"text-align: justify;\">-Ja\u010danje kapaciteta i odr\u017eavanje nesputane saradnje op\u0161tinskih i kantonalnih organizacija (Centara za socijalni rad i Ministarstva unutra\u0161njih poslova).<\/p>\n<p style=\"text-align: justify;\">-Zakazivanje hitnih i tematskih sjednica Skup\u0161tina po kantonima na temu \u201eNasilje nad \u017eenama s letalnim ishodom\u201c.<\/p>\n","protected":false},"excerpt":{"rendered":"<p>Dana 17.septembra odr\u017eana je Zajedni\u010dka tematska sjednica oba doma Parlamenta Federacije Bosne i Hercegovine o institucionalnom odgovoru pravosudnog sektora na nasilje u porodici i rodno zasnovano nasilje koja je okupila stru\u010dnjake iz oblasti pravosu\u0111a, policije, ministarstava pravde, me\u0111unarodne zajednice i stru\u010dnjake iz nauke i prakse koji se bave ovom problematikom. S obzirom da uprkos sve ve\u0107oj pa\u017enji <a href=\"http:\/\/erf.untz.ba\/web\/institucionalni-odgovor-pravosudnog-sektora-na-nasilje-u-porodici\/\" class=\"read-more\">Vi\u0161e&#8230;<\/a><\/p>\n","protected":false},"author":2,"featured_media":0,"comment_status":"open","ping_status":"open","sticky":false,"template":"","format":"standard","meta":[],"categories":[1],"tags":[],"_links":{"self":[{"href":"http:\/\/erf.untz.ba\/web\/wp-json\/wp\/v2\/posts\/3575"}],"collection":[{"href":"http:\/\/erf.untz.ba\/web\/wp-json\/wp\/v2\/posts"}],"about":[{"href":"http:\/\/erf.untz.ba\/web\/wp-json\/wp\/v2\/types\/post"}],"author":[{"embeddable":true,"href":"http:\/\/erf.untz.ba\/web\/wp-json\/wp\/v2\/users\/2"}],"replies":[{"embeddable":true,"href":"http:\/\/erf.untz.ba\/web\/wp-json\/wp\/v2\/comments?post=3575"}],"version-history":[{"count":0,"href":"http:\/\/erf.untz.ba\/web\/wp-json\/wp\/v2\/posts\/3575\/revisions"}],"wp:attachment":[{"href":"http:\/\/erf.untz.ba\/web\/wp-json\/wp\/v2\/media?parent=3575"}],"wp:term":[{"taxonomy":"category","embeddable":true,"href":"http:\/\/erf.untz.ba\/web\/wp-json\/wp\/v2\/categories?post=3575"},{"taxonomy":"post_tag","embeddable":true,"href":"http:\/\/erf.untz.ba\/web\/wp-json\/wp\/v2\/tags?post=3575"}],"curies":[{"name":"wp","href":"https:\/\/api.w.org\/{rel}","templated":true}]}}