{"id":370,"date":"2017-07-13T11:04:21","date_gmt":"2017-07-13T11:04:21","guid":{"rendered":"http:\/\/erf.untz.ba\/web\/?p=370"},"modified":"2017-07-13T11:08:23","modified_gmt":"2017-07-13T11:08:23","slug":"odluka-vlade-tk-a","status":"publish","type":"post","link":"http:\/\/erf.untz.ba\/web\/odluka-vlade-tk-a\/","title":{"rendered":"Odluka Vlade TK-a"},"content":{"rendered":"<p style=\"text-align: justify;\">Vlada Tuzlanskog kantona je na 84. Redovnoj sjednici odr\u017eanoj 10.07.2017. godine donijela Odluku kojom se konstatuje da prijedlog Odluke Senata JU Univerziteta u Tuzli o izmjenama Odluke o broju studenata za upis u prvu godinu prvog i integriranog prvog i drugog ciklusa studija, te drugog i tre\u0107eg ciklusa studija na fakultete\/Akademiju Univerziteta u Tuzli u akademskoj 2017\/18. godini ne ispunjava formalne uslove za davanje prethodne saglasnosti. Tako\u0111er, Vlada je zadu\u017eila Senat JU Univerzitet u Tuzli da ponovo razmotri broj studenata za upis u prvu godinu prvog i integriranog prvog i drugog ciklusa studija na fakultete\/Akademiju Univerziteta u Tuzli u akademskoj 2017\/18. godini i to uzimaju\u0107i u obzir odredbe Standarda i normativa visokog obrazovanja Tuzlanskog kantona, a koje su vezane za broj studenata na predavanjima i vje\u017ebama i na\u010din realizacije nastave i vje\u017ebi, optimalnu povr\u0161inu prostora kao i broj i strukturu akademskog osoblja neophodnog za realizaciju nastave. Ukoliko Senat JU Univerzitet u Tuzli donese novu Odluku o izmjenama Odluke o broju studenata za upis u prvu godinu prvog i integriranog prvog i drugog ciklusa studija, te drugog i tre\u0107eg ciklusa studija na fakultete\/Akademiju Univerziteta u Tuzli u akademskoj 2017\/18. godini u skladu Standardima i normativima visokog obrazovanja Tuzlanskog kantona, u obavezi je da istu dostavi Vladi Tuzlanskog kantona na razmatranje, a da eventualni naknadni upis studenata organizuje putem novog upisnog roka.<\/p>\n<p style=\"text-align: right;\">Vlada TK-a<\/p>\n<p style=\"text-align: right;\">Informacija i izvje\u0161taji sa sjednica<\/p>\n<p style=\"text-align: right;\"><strong><a href=\"http:\/\/www.vladatk.kim.ba\/vlada-tk\/rad-vlade\/sjednice-vlade\/5006-odrzana-84-redovna-sjednica-vlade-tuzlanskog-kantona\">KLIKNI<\/a><\/strong><\/p>\n","protected":false},"excerpt":{"rendered":"<p>Vlada Tuzlanskog kantona je na 84. Redovnoj sjednici odr\u017eanoj 10.07.2017. godine donijela Odluku kojom se konstatuje da prijedlog Odluke Senata JU Univerziteta u Tuzli o izmjenama Odluke o broju studenata za upis u prvu godinu prvog i integriranog prvog i drugog ciklusa studija, te drugog i tre\u0107eg ciklusa studija na fakultete\/Akademiju Univerziteta u Tuzli u akademskoj 2017\/18. <a href=\"http:\/\/erf.untz.ba\/web\/odluka-vlade-tk-a\/\" class=\"read-more\">Vi\u0161e&#8230;<\/a><\/p>\n","protected":false},"author":2,"featured_media":0,"comment_status":"open","ping_status":"open","sticky":false,"template":"","format":"standard","meta":[],"categories":[3],"tags":[],"_links":{"self":[{"href":"http:\/\/erf.untz.ba\/web\/wp-json\/wp\/v2\/posts\/370"}],"collection":[{"href":"http:\/\/erf.untz.ba\/web\/wp-json\/wp\/v2\/posts"}],"about":[{"href":"http:\/\/erf.untz.ba\/web\/wp-json\/wp\/v2\/types\/post"}],"author":[{"embeddable":true,"href":"http:\/\/erf.untz.ba\/web\/wp-json\/wp\/v2\/users\/2"}],"replies":[{"embeddable":true,"href":"http:\/\/erf.untz.ba\/web\/wp-json\/wp\/v2\/comments?post=370"}],"version-history":[{"count":0,"href":"http:\/\/erf.untz.ba\/web\/wp-json\/wp\/v2\/posts\/370\/revisions"}],"wp:attachment":[{"href":"http:\/\/erf.untz.ba\/web\/wp-json\/wp\/v2\/media?parent=370"}],"wp:term":[{"taxonomy":"category","embeddable":true,"href":"http:\/\/erf.untz.ba\/web\/wp-json\/wp\/v2\/categories?post=370"},{"taxonomy":"post_tag","embeddable":true,"href":"http:\/\/erf.untz.ba\/web\/wp-json\/wp\/v2\/tags?post=370"}],"curies":[{"name":"wp","href":"https:\/\/api.w.org\/{rel}","templated":true}]}}