{"id":3700,"date":"2024-12-13T17:47:06","date_gmt":"2024-12-13T17:47:06","guid":{"rendered":"http:\/\/erf.untz.ba\/web\/?p=3700"},"modified":"2024-12-13T17:47:07","modified_gmt":"2024-12-13T17:47:07","slug":"studijska-posjeta-institucijama-u-zagrebu","status":"publish","type":"post","link":"http:\/\/erf.untz.ba\/web\/studijska-posjeta-institucijama-u-zagrebu\/","title":{"rendered":"Studijska posjeta institucijama u Zagrebu"},"content":{"rendered":"<p style=\"text-align: justify;\">Dana 12 i 13.12.2024. godine studenti Edukacijsko-rehabilitacijskog fakulteta Univerziteta u Tuzli bili su u studijskoj posjeti institucijama u Zagrebu koje se bave obrazovanjem i rehabilitacijom djece i odraslih sa invaliditetom. Prvi dan studenti su posjetili <span style=\"color: #993300;\"><strong><a style=\"color: #993300;\" href=\"https:\/\/www.sbgoljak.hr\/o-nama\/\">Specijalnu bolnice za za\u0161titu djece s neurorazvojnim i motori\u010dkim smetnjama. <\/a><\/strong><\/span><\/p>\n<blockquote>\n<p style=\"text-align: justify;\">Vizija bolnice je postati vode\u0107i, suvremeni habilitacijski i edukacijski centar za djecu s neurorazvojnim i motori\u010dkim smetnjama u regiji.<\/p>\n<\/blockquote>\n<p>Isti dan, studenti su posjetili <strong><span style=\"color: #993300;\"><a style=\"color: #993300;\" href=\"https:\/\/zg-cnz.hr\/onama\/\">Zagreba\u010dki centar za neovisno \u017eivljenje.<\/a><\/span><\/strong><\/p>\n<blockquote>\n<p style=\"text-align: justify;\">Centar je osnovan 2017. godine kao primjer socijalne integracije i inovacije, odnosno kao mjesto gdje se na jednom prostoru integriraju usluge u zajednici,\u00a0 gdje se osobama s invaliditetom omogu\u0107ava aktivno uklju\u010divanje u \u017eivot zajednice i samostalno\/neovisno \u017eivljenje.\u00a0<\/p>\n<\/blockquote>\n\n<p>Dana 13.12.2024. studenti su posjetili <strong><span style=\"color: #993300;\"><a style=\"color: #993300;\" href=\"http:\/\/centar-odgojiobrazovanje-goljak.skole.hr\/skola?ms_nav=aab\">Centar za odgoj i obrazovanje &#8220;Goljak&#8221;<\/a><\/span><\/strong> koji egzistira od 1946. godine.<\/p>\n<blockquote>\n<p style=\"text-align: justify;\">Djelatnost Centra je odgoj i obrazovanje djece i mlade\u017ei koji prema Orijentacijskoj listi vrsta te\u0161ko\u0107a primarno pripadaju u skupinu vrsta te\u0161ko\u0107a 4. o\u0161te\u0107enja organa i organskih sustava kroz sljede\u0107e programe: <b>osnovno \u0161kolovanje i program radnih osposobljavanja do 21. godine \u017eivota.<\/b><\/p>\n<\/blockquote>\n<p style=\"text-align: justify;\">Studenti su isti dan posjetili i <strong><span style=\"color: #993300;\"><a style=\"color: #993300;\" href=\"https:\/\/cprz.hr\/o-cprz-u\">Centar za profesionalnu rehabilitaciju \u201cZagreb\u201d.<\/a><\/span><\/strong><\/p>\n<blockquote>\n<p style=\"text-align: justify;\">Glavna zada\u0107a Centra za profesionalnu rehabilitaciju Zagreb je uklju\u010divanje osoba s invaliditetom na tr\u017ei\u0161te rada, odnosno olak\u0161avanje njihovog integriranja u sve tijekove dru\u0161tva.<\/p>\n<\/blockquote>\n\n<p style=\"text-align: justify;\">U posjeti institucijama ispred Edukacijsko-rehabilitacijskog fakulteta bili su prodekan za nastavu prof.dr.Edina Kuduzovi\u0107, prof.dr.Senad Mehmedinovi\u0107, prof.dr. D\u017eenana Rad\u017eo Alibegovi\u0107, prof.dr. Lejla Kurali\u0107 \u0106i\u0161i\u0107, te saradnik Asmira Mujanovi\u0107.<\/p>\n<p>\u00a0<\/p>\n\n\n<figure class=\"wp-block-gallery has-nested-images columns-default is-cropped\">\n<figure class=\"wp-block-image size-large\"><a href=\"http:\/\/erf.untz.ba\/web\/wp-content\/uploads\/2024\/12\/IMG_4902-scaled.jpeg\"><img loading=\"lazy\" width=\"2560\" height=\"1920\" data-id=\"3695\"  src=\"http:\/\/erf.untz.ba\/web\/wp-content\/uploads\/2024\/12\/IMG_4902-scaled.jpeg\" alt=\"\" class=\"wp-image-3695\" srcset=\"http:\/\/erf.untz.ba\/web\/wp-content\/uploads\/2024\/12\/IMG_4902-scaled.jpeg 2560w, http:\/\/erf.untz.ba\/web\/wp-content\/uploads\/2024\/12\/IMG_4902-300x225.jpeg 300w, http:\/\/erf.untz.ba\/web\/wp-content\/uploads\/2024\/12\/IMG_4902-1024x768.jpeg 1024w, http:\/\/erf.untz.ba\/web\/wp-content\/uploads\/2024\/12\/IMG_4902-768x576.jpeg 768w, http:\/\/erf.untz.ba\/web\/wp-content\/uploads\/2024\/12\/IMG_4902-1536x1152.jpeg 1536w, http:\/\/erf.untz.ba\/web\/wp-content\/uploads\/2024\/12\/IMG_4902-2048x1536.jpeg 2048w, http:\/\/erf.untz.ba\/web\/wp-content\/uploads\/2024\/12\/IMG_4902-360x270.jpeg 360w\" sizes=\"(max-width: 2560px) 100vw, 2560px\" \/><\/a><\/figure>\n\n\n\n<figure class=\"wp-block-image size-large\"><a href=\"http:\/\/erf.untz.ba\/web\/wp-content\/uploads\/2024\/12\/IMG_4950-scaled.jpeg\"><img loading=\"lazy\" width=\"2560\" height=\"1920\" data-id=\"3694\"  src=\"http:\/\/erf.untz.ba\/web\/wp-content\/uploads\/2024\/12\/IMG_4950-scaled.jpeg\" alt=\"\" class=\"wp-image-3694\" srcset=\"http:\/\/erf.untz.ba\/web\/wp-content\/uploads\/2024\/12\/IMG_4950-scaled.jpeg 2560w, http:\/\/erf.untz.ba\/web\/wp-content\/uploads\/2024\/12\/IMG_4950-300x225.jpeg 300w, http:\/\/erf.untz.ba\/web\/wp-content\/uploads\/2024\/12\/IMG_4950-1024x768.jpeg 1024w, http:\/\/erf.untz.ba\/web\/wp-content\/uploads\/2024\/12\/IMG_4950-768x576.jpeg 768w, http:\/\/erf.untz.ba\/web\/wp-content\/uploads\/2024\/12\/IMG_4950-1536x1152.jpeg 1536w, http:\/\/erf.untz.ba\/web\/wp-content\/uploads\/2024\/12\/IMG_4950-2048x1536.jpeg 2048w, http:\/\/erf.untz.ba\/web\/wp-content\/uploads\/2024\/12\/IMG_4950-360x270.jpeg 360w\" sizes=\"(max-width: 2560px) 100vw, 2560px\" \/><\/a><\/figure>\n\n\n\n<figure class=\"wp-block-image size-large\"><a href=\"http:\/\/erf.untz.ba\/web\/wp-content\/uploads\/2024\/12\/IMG_4953.jpeg\"><img loading=\"lazy\" width=\"1600\" height=\"1200\" data-id=\"3698\"  src=\"http:\/\/erf.untz.ba\/web\/wp-content\/uploads\/2024\/12\/IMG_4953.jpeg\" alt=\"\" class=\"wp-image-3698\" srcset=\"http:\/\/erf.untz.ba\/web\/wp-content\/uploads\/2024\/12\/IMG_4953.jpeg 1600w, http:\/\/erf.untz.ba\/web\/wp-content\/uploads\/2024\/12\/IMG_4953-300x225.jpeg 300w, http:\/\/erf.untz.ba\/web\/wp-content\/uploads\/2024\/12\/IMG_4953-1024x768.jpeg 1024w, http:\/\/erf.untz.ba\/web\/wp-content\/uploads\/2024\/12\/IMG_4953-768x576.jpeg 768w, http:\/\/erf.untz.ba\/web\/wp-content\/uploads\/2024\/12\/IMG_4953-1536x1152.jpeg 1536w, http:\/\/erf.untz.ba\/web\/wp-content\/uploads\/2024\/12\/IMG_4953-360x270.jpeg 360w\" sizes=\"(max-width: 1600px) 100vw, 1600px\" \/><\/a><\/figure>\n\n\n\n<figure class=\"wp-block-image size-large\"><a href=\"http:\/\/erf.untz.ba\/web\/wp-content\/uploads\/2024\/12\/IMG_4952-2.jpeg\"><img loading=\"lazy\" width=\"1600\" height=\"1200\" data-id=\"3699\"  src=\"http:\/\/erf.untz.ba\/web\/wp-content\/uploads\/2024\/12\/IMG_4952-2.jpeg\" alt=\"\" class=\"wp-image-3699\" srcset=\"http:\/\/erf.untz.ba\/web\/wp-content\/uploads\/2024\/12\/IMG_4952-2.jpeg 1600w, http:\/\/erf.untz.ba\/web\/wp-content\/uploads\/2024\/12\/IMG_4952-2-300x225.jpeg 300w, http:\/\/erf.untz.ba\/web\/wp-content\/uploads\/2024\/12\/IMG_4952-2-1024x768.jpeg 1024w, http:\/\/erf.untz.ba\/web\/wp-content\/uploads\/2024\/12\/IMG_4952-2-768x576.jpeg 768w, http:\/\/erf.untz.ba\/web\/wp-content\/uploads\/2024\/12\/IMG_4952-2-1536x1152.jpeg 1536w, http:\/\/erf.untz.ba\/web\/wp-content\/uploads\/2024\/12\/IMG_4952-2-360x270.jpeg 360w\" sizes=\"(max-width: 1600px) 100vw, 1600px\" \/><\/a><\/figure>\n\n\n\n<figure class=\"wp-block-image size-large\"><a href=\"http:\/\/erf.untz.ba\/web\/wp-content\/uploads\/2024\/12\/IMG_4905-scaled.jpeg\"><img loading=\"lazy\" width=\"2560\" height=\"1920\" data-id=\"3696\"  src=\"http:\/\/erf.untz.ba\/web\/wp-content\/uploads\/2024\/12\/IMG_4905-scaled.jpeg\" alt=\"\" class=\"wp-image-3696\" srcset=\"http:\/\/erf.untz.ba\/web\/wp-content\/uploads\/2024\/12\/IMG_4905-scaled.jpeg 2560w, http:\/\/erf.untz.ba\/web\/wp-content\/uploads\/2024\/12\/IMG_4905-300x225.jpeg 300w, http:\/\/erf.untz.ba\/web\/wp-content\/uploads\/2024\/12\/IMG_4905-1024x768.jpeg 1024w, http:\/\/erf.untz.ba\/web\/wp-content\/uploads\/2024\/12\/IMG_4905-768x576.jpeg 768w, http:\/\/erf.untz.ba\/web\/wp-content\/uploads\/2024\/12\/IMG_4905-1536x1152.jpeg 1536w, http:\/\/erf.untz.ba\/web\/wp-content\/uploads\/2024\/12\/IMG_4905-2048x1536.jpeg 2048w, http:\/\/erf.untz.ba\/web\/wp-content\/uploads\/2024\/12\/IMG_4905-360x270.jpeg 360w\" sizes=\"(max-width: 2560px) 100vw, 2560px\" \/><\/a><\/figure>\n\n\n\n<figure class=\"wp-block-image size-large\"><a href=\"http:\/\/erf.untz.ba\/web\/wp-content\/uploads\/2024\/12\/IMG_4954.jpeg\"><img loading=\"lazy\" width=\"1600\" height=\"1200\" data-id=\"3697\"  src=\"http:\/\/erf.untz.ba\/web\/wp-content\/uploads\/2024\/12\/IMG_4954.jpeg\" alt=\"\" class=\"wp-image-3697\" srcset=\"http:\/\/erf.untz.ba\/web\/wp-content\/uploads\/2024\/12\/IMG_4954.jpeg 1600w, http:\/\/erf.untz.ba\/web\/wp-content\/uploads\/2024\/12\/IMG_4954-300x225.jpeg 300w, http:\/\/erf.untz.ba\/web\/wp-content\/uploads\/2024\/12\/IMG_4954-1024x768.jpeg 1024w, http:\/\/erf.untz.ba\/web\/wp-content\/uploads\/2024\/12\/IMG_4954-768x576.jpeg 768w, http:\/\/erf.untz.ba\/web\/wp-content\/uploads\/2024\/12\/IMG_4954-1536x1152.jpeg 1536w, http:\/\/erf.untz.ba\/web\/wp-content\/uploads\/2024\/12\/IMG_4954-360x270.jpeg 360w\" sizes=\"(max-width: 1600px) 100vw, 1600px\" \/><\/a><\/figure>\n<\/figure>\n\n\n","protected":false},"excerpt":{"rendered":"<p>Dana 12 i 13.12.2024. godine studenti Edukacijsko-rehabilitacijskog fakulteta Univerziteta u Tuzli bili su u studijskoj posjeti institucijama u Zagrebu koje se bave obrazovanjem i rehabilitacijom djece i odraslih sa invaliditetom. Prvi dan studenti su posjetili Specijalnu bolnice za za\u0161titu djece s neurorazvojnim i motori\u010dkim smetnjama. Vizija bolnice je postati vode\u0107i, suvremeni habilitacijski i edukacijski centar za djecu <a href=\"http:\/\/erf.untz.ba\/web\/studijska-posjeta-institucijama-u-zagrebu\/\" class=\"read-more\">Vi\u0161e&#8230;<\/a><\/p>\n","protected":false},"author":2,"featured_media":0,"comment_status":"open","ping_status":"open","sticky":false,"template":"","format":"standard","meta":[],"categories":[1],"tags":[],"_links":{"self":[{"href":"http:\/\/erf.untz.ba\/web\/wp-json\/wp\/v2\/posts\/3700"}],"collection":[{"href":"http:\/\/erf.untz.ba\/web\/wp-json\/wp\/v2\/posts"}],"about":[{"href":"http:\/\/erf.untz.ba\/web\/wp-json\/wp\/v2\/types\/post"}],"author":[{"embeddable":true,"href":"http:\/\/erf.untz.ba\/web\/wp-json\/wp\/v2\/users\/2"}],"replies":[{"embeddable":true,"href":"http:\/\/erf.untz.ba\/web\/wp-json\/wp\/v2\/comments?post=3700"}],"version-history":[{"count":0,"href":"http:\/\/erf.untz.ba\/web\/wp-json\/wp\/v2\/posts\/3700\/revisions"}],"wp:attachment":[{"href":"http:\/\/erf.untz.ba\/web\/wp-json\/wp\/v2\/media?parent=3700"}],"wp:term":[{"taxonomy":"category","embeddable":true,"href":"http:\/\/erf.untz.ba\/web\/wp-json\/wp\/v2\/categories?post=3700"},{"taxonomy":"post_tag","embeddable":true,"href":"http:\/\/erf.untz.ba\/web\/wp-json\/wp\/v2\/tags?post=3700"}],"curies":[{"name":"wp","href":"https:\/\/api.w.org\/{rel}","templated":true}]}}