{"id":4100,"date":"2026-04-28T18:45:40","date_gmt":"2026-04-28T18:45:40","guid":{"rendered":"http:\/\/erf.untz.ba\/web\/?p=4100"},"modified":"2026-04-28T18:45:41","modified_gmt":"2026-04-28T18:45:41","slug":"prof-dr-sc-mirela-duranovic-i-ma-zlata-avdic-ucestvovale-na-medunarodnoj-naucnoj-konferenciji-the-8th-annual-meeting-of-the-society-for-the-cognitive-science-of-culture","status":"publish","type":"post","link":"http:\/\/erf.untz.ba\/web\/prof-dr-sc-mirela-duranovic-i-ma-zlata-avdic-ucestvovale-na-medunarodnoj-naucnoj-konferenciji-the-8th-annual-meeting-of-the-society-for-the-cognitive-science-of-culture\/","title":{"rendered":"Prof. dr. sc. Mirela Duranovi\u0107 i MA Zlata Avdi\u0107 u\u010destvovale na me\u0111unarodnoj nau\u010dnoj konferenciji &#8211; the 8th Annual Meeting of the Society for the Cognitive Science of Culture"},"content":{"rendered":"<h2>\u00a0<\/h2>\n<p style=\"text-align: justify;\">Prof. dr. sc. <strong>Mirela Duranovi\u0107<\/strong> i MA <strong>Zlata Avdi\u0107<\/strong>, asistentica na Edukacijsko-rehabilitacijskom fakultetu Univerziteta u Tuzli, u\u010destvovale su na me\u0111unarodnoj nau\u010dnoj konferenciji <strong>\u201eThe 8th Annual Meeting of the Society for the Cognitive Science of Culture\u201c<\/strong>, odr\u017eanoj od 22. do 24. aprila 2026. godine u Aix-en-Provenceu, Francuska.<\/p>\n<p style=\"text-align: justify;\">Ovogodi\u0161nja konferencija obuhvatila je raznovrsna istra\u017eivanja iz oblasti kognitivne nauke kulture, s posebnim fokusom na jezik, \u010ditanje i matematiku, kao i na muziku i umjetni\u010dko stvarala\u0161tvo. U okviru konferencije odr\u017eana su plenarna predavanja renomiranih stru\u010dnjaka: <strong>Usha Goswami<\/strong> (\u010ditanje i disleksija), <strong>Daniele Sch\u00f6n<\/strong> (jezik i muzika), <strong>Patrick Lemaire<\/strong> (matematika kroz kulture), <strong>Helmut Leder<\/strong> (eksperimentalna estetika umjetnosti) i <strong>Johannes Ziegler<\/strong> (\u010ditanje i disleksija).<\/p>\n<p style=\"text-align: justify;\">Tokom konferencije posebno je istaknuto da u savremenom, sve vi\u0161e polariziranom svijetu nauka i dalje uspje\u0161no prevazilazi kulturne granice i doprinosi razvoju novih intelektualnih perspektiva.<\/p>\n<p style=\"text-align: justify;\">U okviru konferencije, prof. dr. sc. Mirela Duranovi\u0107 odr\u017eala je usmeno izlaganje pod nazivom <strong>\u201eSpelling Errors and Handwriting Fluency in Dyslexia: Across Latin and Cyrillic Scripts in a Transparent Orthography\u201c<\/strong>.<\/p>\n<p style=\"text-align: justify;\">U ovom istra\u017eivanju analiziran je utjecaj vrste pisma (latinice i \u0107irilice) na gre\u0161ke u pisanju i temporalne karakteristike rukopisa kod djece sa disleksijom u bosanskom jeziku kao transparentnoj ortografiji.<\/p>\n<p style=\"text-align: justify;\">U\u010de\u0161\u0107e na ovoj konferenciji predstavlja zna\u010dajan doprinos me\u0111unarodnoj vidljivosti nau\u010dno-istra\u017eiva\u010dkog rada Edukacijsko-rehabilitacijskog fakulteta Univerziteta u Tuzli, kao i ja\u010danju me\u0111unarodne akademske saradnje.<\/p>\n\n\n<figure class=\"wp-block-gallery has-nested-images columns-default is-cropped\">\n<figure class=\"wp-block-image size-large\"><a href=\"http:\/\/erf.untz.ba\/web\/wp-content\/uploads\/2026\/04\/IMG_1133.jpeg\"><img loading=\"lazy\" width=\"1206\" height=\"1506\" data-id=\"4096\"  src=\"http:\/\/erf.untz.ba\/web\/wp-content\/uploads\/2026\/04\/IMG_1133.jpeg\" alt=\"\" class=\"wp-image-4096\" srcset=\"http:\/\/erf.untz.ba\/web\/wp-content\/uploads\/2026\/04\/IMG_1133.jpeg 1206w, http:\/\/erf.untz.ba\/web\/wp-content\/uploads\/2026\/04\/IMG_1133-240x300.jpeg 240w, http:\/\/erf.untz.ba\/web\/wp-content\/uploads\/2026\/04\/IMG_1133-820x1024.jpeg 820w, http:\/\/erf.untz.ba\/web\/wp-content\/uploads\/2026\/04\/IMG_1133-768x959.jpeg 768w, http:\/\/erf.untz.ba\/web\/wp-content\/uploads\/2026\/04\/IMG_1133-216x270.jpeg 216w\" sizes=\"(max-width: 1206px) 100vw, 1206px\" \/><\/a><figcaption>Screenshot<\/figcaption><\/figure>\n\n\n\n<figure class=\"wp-block-image size-large\"><a href=\"http:\/\/erf.untz.ba\/web\/wp-content\/uploads\/2026\/04\/IMG_1135.jpeg\"><img loading=\"lazy\" width=\"1206\" height=\"661\" data-id=\"4098\"  src=\"http:\/\/erf.untz.ba\/web\/wp-content\/uploads\/2026\/04\/IMG_1135.jpeg\" alt=\"\" class=\"wp-image-4098\" srcset=\"http:\/\/erf.untz.ba\/web\/wp-content\/uploads\/2026\/04\/IMG_1135.jpeg 1206w, http:\/\/erf.untz.ba\/web\/wp-content\/uploads\/2026\/04\/IMG_1135-300x164.jpeg 300w, http:\/\/erf.untz.ba\/web\/wp-content\/uploads\/2026\/04\/IMG_1135-1024x561.jpeg 1024w, http:\/\/erf.untz.ba\/web\/wp-content\/uploads\/2026\/04\/IMG_1135-768x421.jpeg 768w, http:\/\/erf.untz.ba\/web\/wp-content\/uploads\/2026\/04\/IMG_1135-360x197.jpeg 360w\" sizes=\"(max-width: 1206px) 100vw, 1206px\" \/><\/a><figcaption>Screenshot<\/figcaption><\/figure>\n\n\n\n<figure class=\"wp-block-image size-large\"><a href=\"http:\/\/erf.untz.ba\/web\/wp-content\/uploads\/2026\/04\/IMG_1134.jpeg\"><img loading=\"lazy\" width=\"1206\" height=\"1246\" data-id=\"4097\"  src=\"http:\/\/erf.untz.ba\/web\/wp-content\/uploads\/2026\/04\/IMG_1134.jpeg\" alt=\"\" class=\"wp-image-4097\" srcset=\"http:\/\/erf.untz.ba\/web\/wp-content\/uploads\/2026\/04\/IMG_1134.jpeg 1206w, http:\/\/erf.untz.ba\/web\/wp-content\/uploads\/2026\/04\/IMG_1134-290x300.jpeg 290w, http:\/\/erf.untz.ba\/web\/wp-content\/uploads\/2026\/04\/IMG_1134-991x1024.jpeg 991w, http:\/\/erf.untz.ba\/web\/wp-content\/uploads\/2026\/04\/IMG_1134-768x793.jpeg 768w, http:\/\/erf.untz.ba\/web\/wp-content\/uploads\/2026\/04\/IMG_1134-261x270.jpeg 261w\" sizes=\"(max-width: 1206px) 100vw, 1206px\" \/><\/a><figcaption>Screenshot<\/figcaption><\/figure>\n<\/figure>\n","protected":false},"excerpt":{"rendered":"<p>\u00a0 Prof. dr. sc. Mirela Duranovi\u0107 i MA Zlata Avdi\u0107, asistentica na Edukacijsko-rehabilitacijskom fakultetu Univerziteta u Tuzli, u\u010destvovale su na me\u0111unarodnoj nau\u010dnoj konferenciji \u201eThe 8th Annual Meeting of the Society for the Cognitive Science of Culture\u201c, odr\u017eanoj od 22. do 24. aprila 2026. godine u Aix-en-Provenceu, Francuska. Ovogodi\u0161nja konferencija obuhvatila je raznovrsna istra\u017eivanja iz oblasti kognitivne nauke <a href=\"http:\/\/erf.untz.ba\/web\/prof-dr-sc-mirela-duranovic-i-ma-zlata-avdic-ucestvovale-na-medunarodnoj-naucnoj-konferenciji-the-8th-annual-meeting-of-the-society-for-the-cognitive-science-of-culture\/\" class=\"read-more\">Vi\u0161e&#8230;<\/a><\/p>\n","protected":false},"author":2,"featured_media":0,"comment_status":"closed","ping_status":"closed","sticky":false,"template":"","format":"standard","meta":[],"categories":[1],"tags":[],"_links":{"self":[{"href":"http:\/\/erf.untz.ba\/web\/wp-json\/wp\/v2\/posts\/4100"}],"collection":[{"href":"http:\/\/erf.untz.ba\/web\/wp-json\/wp\/v2\/posts"}],"about":[{"href":"http:\/\/erf.untz.ba\/web\/wp-json\/wp\/v2\/types\/post"}],"author":[{"embeddable":true,"href":"http:\/\/erf.untz.ba\/web\/wp-json\/wp\/v2\/users\/2"}],"replies":[{"embeddable":true,"href":"http:\/\/erf.untz.ba\/web\/wp-json\/wp\/v2\/comments?post=4100"}],"version-history":[{"count":0,"href":"http:\/\/erf.untz.ba\/web\/wp-json\/wp\/v2\/posts\/4100\/revisions"}],"wp:attachment":[{"href":"http:\/\/erf.untz.ba\/web\/wp-json\/wp\/v2\/media?parent=4100"}],"wp:term":[{"taxonomy":"category","embeddable":true,"href":"http:\/\/erf.untz.ba\/web\/wp-json\/wp\/v2\/categories?post=4100"},{"taxonomy":"post_tag","embeddable":true,"href":"http:\/\/erf.untz.ba\/web\/wp-json\/wp\/v2\/tags?post=4100"}],"curies":[{"name":"wp","href":"https:\/\/api.w.org\/{rel}","templated":true}]}}