{"id":4105,"date":"2026-04-28T19:14:13","date_gmt":"2026-04-28T19:14:13","guid":{"rendered":"http:\/\/erf.untz.ba\/web\/?p=4105"},"modified":"2026-04-28T20:34:08","modified_gmt":"2026-04-28T20:34:08","slug":"predstavnici-univerziteta-u-tuzli-ucestvovali-na-radnom-sastanku-erasmus-projekta-hawking","status":"publish","type":"post","link":"http:\/\/erf.untz.ba\/web\/predstavnici-univerziteta-u-tuzli-ucestvovali-na-radnom-sastanku-erasmus-projekta-hawking\/","title":{"rendered":"Predstavnici Univerziteta u Tuzli u\u010destvovali na radnom sastanku Erasmus+ projekta HAWKING"},"content":{"rendered":"<h2>\u00a0<\/h2>\n<p style=\"text-align: justify;\">Predstavnici Univerziteta u Tuzli u\u010destvovali su na radnom sastanku me\u0111unarodnog Erasmus+ projekta <strong>HAWKING (Harvesting Digital Alternation in Ways that Knock-down Inaccessibility of New Generations)<\/strong>, koji je odr\u017ean od 21. do 24. aprila 2026. godine u Banjoj Luci, u organizaciji Organizacije amputiraca UDAS Republike Srpske.<\/p>\n<p style=\"text-align: justify;\">Delegaciju Univerziteta u Tuzli \u010dinili su <strong>prof. dr. sc. Aljo Muj\u010di\u0107 <\/strong>sa Elektrotehni\u010dkog fakulteta Univerziteta u Tuzli, \u00a0te <strong>prof. dr. sc. Vesna Bratov\u010di\u0107<\/strong>, <strong>prof. dr. sc. Amela Teskered\u017eic<\/strong>, <strong>prof. dr. sc. Senad Mehmedinovi\u0107<\/strong> i <strong>doc. dr. sc. Hurma Begi\u0107 <\/strong>sa Edukacijsko-rehabilitacijskig fakulteta.<\/p>\n<p style=\"text-align: justify;\">Tokom sastanka projektni partneri analizirali su realizovane aktivnosti u okviru projekta, predstavili dosada\u0161nje rezultate te planirali naredne faze implementacije. Poseban akcenat stavljen je na unapre\u0111enje digitalne pristupa\u010dnosti u visokom obrazovanju, razvoj inkluzivnih digitalnih rje\u0161enja te ja\u010danje institucionalne podr\u0161ke studentima s invaliditetom.<\/p>\n<p style=\"text-align: justify;\">Radni program uklju\u010divao je i posjetu <strong>Specijalnoj biblioteci za slijepa i slabovidna lica Republike Srpske<\/strong>, gdje su u\u010desnici imali priliku upoznati se sa savremenim pristupima u osiguravanju dostupnosti obrazovnih i informacijskih sadr\u017eaja.<\/p>\n<p style=\"text-align: justify;\">Tako\u0111er, uprili\u010dene su posjete <strong>Ministarstvu za nau\u010dnotehnolo\u0161ki razvoj i visoko obrazovanje Republike Srpske<\/strong>, kao i <strong>Fakultetu politi\u010dkih nauka Univerziteta u Banjoj Luci<\/strong>, gdje su predstavljeni primjeri dobre prakse u oblasti podr\u0161ke studentima s invaliditetom.<\/p>\n<p style=\"text-align: justify;\">U\u010de\u0161\u0107em na ovom me\u0111unarodnom sastanku Univerzitet u Tuzli nastavlja aktivno doprinositi realizaciji Erasmus+ projekata i promociji principa inkluzije, jednakih mogu\u0107nosti i dostupnog obrazovanja za sve.<\/p>\n\n\n<figure class=\"wp-block-gallery has-nested-images columns-default is-cropped\">\n<figure class=\"wp-block-image size-large\"><a href=\"http:\/\/erf.untz.ba\/web\/wp-content\/uploads\/2026\/04\/IMG_1074-1.jpeg\"><img loading=\"lazy\" width=\"1024\" height=\"872\" data-id=\"4107\"  src=\"http:\/\/erf.untz.ba\/web\/wp-content\/uploads\/2026\/04\/IMG_1074-1-1024x872.jpeg\" alt=\"\" class=\"wp-image-4107\" srcset=\"http:\/\/erf.untz.ba\/web\/wp-content\/uploads\/2026\/04\/IMG_1074-1-1024x872.jpeg 1024w, http:\/\/erf.untz.ba\/web\/wp-content\/uploads\/2026\/04\/IMG_1074-1-300x255.jpeg 300w, http:\/\/erf.untz.ba\/web\/wp-content\/uploads\/2026\/04\/IMG_1074-1-768x654.jpeg 768w, http:\/\/erf.untz.ba\/web\/wp-content\/uploads\/2026\/04\/IMG_1074-1-1536x1308.jpeg 1536w, http:\/\/erf.untz.ba\/web\/wp-content\/uploads\/2026\/04\/IMG_1074-1-317x270.jpeg 317w, http:\/\/erf.untz.ba\/web\/wp-content\/uploads\/2026\/04\/IMG_1074-1.jpeg 1600w\" sizes=\"(max-width: 1024px) 100vw, 1024px\" \/><\/a><\/figure>\n\n\n\n<figure class=\"wp-block-image size-large\"><a href=\"http:\/\/erf.untz.ba\/web\/wp-content\/uploads\/2026\/04\/IMG_1137-1.jpeg\"><img loading=\"lazy\" width=\"768\" height=\"1024\" data-id=\"4106\"  src=\"http:\/\/erf.untz.ba\/web\/wp-content\/uploads\/2026\/04\/IMG_1137-1-768x1024.jpeg\" alt=\"\" class=\"wp-image-4106\" srcset=\"http:\/\/erf.untz.ba\/web\/wp-content\/uploads\/2026\/04\/IMG_1137-1-768x1024.jpeg 768w, http:\/\/erf.untz.ba\/web\/wp-content\/uploads\/2026\/04\/IMG_1137-1-225x300.jpeg 225w, http:\/\/erf.untz.ba\/web\/wp-content\/uploads\/2026\/04\/IMG_1137-1-1152x1536.jpeg 1152w, http:\/\/erf.untz.ba\/web\/wp-content\/uploads\/2026\/04\/IMG_1137-1-203x270.jpeg 203w, http:\/\/erf.untz.ba\/web\/wp-content\/uploads\/2026\/04\/IMG_1137-1.jpeg 1200w\" sizes=\"(max-width: 768px) 100vw, 768px\" \/><\/a><\/figure>\n\n\n\n<figure class=\"wp-block-image size-large\"><a href=\"http:\/\/erf.untz.ba\/web\/wp-content\/uploads\/2026\/04\/IMG_1140-1.jpeg\"><img loading=\"lazy\" width=\"768\" height=\"1024\" data-id=\"4109\"  src=\"http:\/\/erf.untz.ba\/web\/wp-content\/uploads\/2026\/04\/IMG_1140-1-768x1024.jpeg\" alt=\"\" class=\"wp-image-4109\" srcset=\"http:\/\/erf.untz.ba\/web\/wp-content\/uploads\/2026\/04\/IMG_1140-1-768x1024.jpeg 768w, http:\/\/erf.untz.ba\/web\/wp-content\/uploads\/2026\/04\/IMG_1140-1-225x300.jpeg 225w, http:\/\/erf.untz.ba\/web\/wp-content\/uploads\/2026\/04\/IMG_1140-1-1152x1536.jpeg 1152w, http:\/\/erf.untz.ba\/web\/wp-content\/uploads\/2026\/04\/IMG_1140-1-203x270.jpeg 203w, http:\/\/erf.untz.ba\/web\/wp-content\/uploads\/2026\/04\/IMG_1140-1.jpeg 1200w\" sizes=\"(max-width: 768px) 100vw, 768px\" \/><\/a><\/figure>\n\n\n\n<figure class=\"wp-block-image size-large\"><a href=\"http:\/\/erf.untz.ba\/web\/wp-content\/uploads\/2026\/04\/IMG_1139-1.jpeg\"><img loading=\"lazy\" width=\"1024\" height=\"768\" data-id=\"4108\"  src=\"http:\/\/erf.untz.ba\/web\/wp-content\/uploads\/2026\/04\/IMG_1139-1-1024x768.jpeg\" alt=\"\" class=\"wp-image-4108\" srcset=\"http:\/\/erf.untz.ba\/web\/wp-content\/uploads\/2026\/04\/IMG_1139-1-1024x768.jpeg 1024w, http:\/\/erf.untz.ba\/web\/wp-content\/uploads\/2026\/04\/IMG_1139-1-300x225.jpeg 300w, http:\/\/erf.untz.ba\/web\/wp-content\/uploads\/2026\/04\/IMG_1139-1-768x576.jpeg 768w, http:\/\/erf.untz.ba\/web\/wp-content\/uploads\/2026\/04\/IMG_1139-1-1536x1152.jpeg 1536w, http:\/\/erf.untz.ba\/web\/wp-content\/uploads\/2026\/04\/IMG_1139-1-360x270.jpeg 360w, http:\/\/erf.untz.ba\/web\/wp-content\/uploads\/2026\/04\/IMG_1139-1.jpeg 1600w\" sizes=\"(max-width: 1024px) 100vw, 1024px\" \/><\/a><\/figure>\n<\/figure>\n","protected":false},"excerpt":{"rendered":"<p>\u00a0 Predstavnici Univerziteta u Tuzli u\u010destvovali su na radnom sastanku me\u0111unarodnog Erasmus+ projekta HAWKING (Harvesting Digital Alternation in Ways that Knock-down Inaccessibility of New Generations), koji je odr\u017ean od 21. do 24. aprila 2026. godine u Banjoj Luci, u organizaciji Organizacije amputiraca UDAS Republike Srpske. Delegaciju Univerziteta u Tuzli \u010dinili su prof. dr. sc. Aljo Muj\u010di\u0107 sa <a href=\"http:\/\/erf.untz.ba\/web\/predstavnici-univerziteta-u-tuzli-ucestvovali-na-radnom-sastanku-erasmus-projekta-hawking\/\" class=\"read-more\">Vi\u0161e&#8230;<\/a><\/p>\n","protected":false},"author":2,"featured_media":0,"comment_status":"closed","ping_status":"closed","sticky":false,"template":"","format":"standard","meta":[],"categories":[1],"tags":[],"_links":{"self":[{"href":"http:\/\/erf.untz.ba\/web\/wp-json\/wp\/v2\/posts\/4105"}],"collection":[{"href":"http:\/\/erf.untz.ba\/web\/wp-json\/wp\/v2\/posts"}],"about":[{"href":"http:\/\/erf.untz.ba\/web\/wp-json\/wp\/v2\/types\/post"}],"author":[{"embeddable":true,"href":"http:\/\/erf.untz.ba\/web\/wp-json\/wp\/v2\/users\/2"}],"replies":[{"embeddable":true,"href":"http:\/\/erf.untz.ba\/web\/wp-json\/wp\/v2\/comments?post=4105"}],"version-history":[{"count":0,"href":"http:\/\/erf.untz.ba\/web\/wp-json\/wp\/v2\/posts\/4105\/revisions"}],"wp:attachment":[{"href":"http:\/\/erf.untz.ba\/web\/wp-json\/wp\/v2\/media?parent=4105"}],"wp:term":[{"taxonomy":"category","embeddable":true,"href":"http:\/\/erf.untz.ba\/web\/wp-json\/wp\/v2\/categories?post=4105"},{"taxonomy":"post_tag","embeddable":true,"href":"http:\/\/erf.untz.ba\/web\/wp-json\/wp\/v2\/tags?post=4105"}],"curies":[{"name":"wp","href":"https:\/\/api.w.org\/{rel}","templated":true}]}}