{"id":668,"date":"2018-03-11T22:49:17","date_gmt":"2018-03-11T22:49:17","guid":{"rendered":"http:\/\/erf.untz.ba\/web\/?p=668"},"modified":"2018-04-20T10:02:56","modified_gmt":"2018-04-20T10:02:56","slug":"i-medunarodna-naucno-strucna-konferencija-odrzivi-servisi-podrske-perspektive-i-izazovi-u-bih-drustvu-sustain-2018","status":"publish","type":"post","link":"http:\/\/erf.untz.ba\/web\/i-medunarodna-naucno-strucna-konferencija-odrzivi-servisi-podrske-perspektive-i-izazovi-u-bih-drustvu-sustain-2018\/","title":{"rendered":"I Me\u0111unarodna nau\u010dno-stru\u010dna konferencija &#8220;Odr\u017eivi servisi podr\u0161ke-perspektive i izazovi\u201d &#8211; SUSTAIN 2018"},"content":{"rendered":"<p style=\"text-align: justify;\"><a href=\"http:\/\/erf.untz.ba\/web\/wp-content\/uploads\/2018\/04\/za-web.jpg\"><img loading=\"lazy\" class=\"size-medium wp-image-724 alignleft\" src=\"http:\/\/erf.untz.ba\/web\/wp-content\/uploads\/2018\/04\/za-web-300x225.jpg\" alt=\"\" width=\"300\" height=\"225\" srcset=\"http:\/\/erf.untz.ba\/web\/wp-content\/uploads\/2018\/04\/za-web-300x225.jpg 300w, http:\/\/erf.untz.ba\/web\/wp-content\/uploads\/2018\/04\/za-web-360x270.jpg 360w, http:\/\/erf.untz.ba\/web\/wp-content\/uploads\/2018\/04\/za-web.jpg 589w\" sizes=\"(max-width: 300px) 100vw, 300px\" \/><\/a>Edukacijsko-rehabilitacijski fakultet Univerziteta u Tuzli i Udru\u017eenje za ljudska prava i socijalnu inkluziju \u201cSoci\u201d Tuzla u saradnji sa Ludwig-Maximilians-Universit\u00e4t M\u00fcnchen (Njema\u010dka), Univerzitetsko-klini\u010dkim centrom Tuzla, Medicinskim fakultetom Univerziteta u Tuzli i Svjetskim univerzitetskim servisom Bosne i Hercegovine organizuju I Me\u0111unarodnu nau\u010dno-stru\u010dnu konferenciju <strong>\u201cOdr\u017eivi servisi podr\u0161ke-perspektive i izazovi\u201d\u00a0<\/strong>koja \u0107e se odr\u017eati 26.-28.9. 2018 godine u Tuzli, BiH. Cilj konferencije je okupiti akademsku zajednicu (stru\u010dnjake, nau\u010dnike, istra\u017eiva\u010de, nastavnike, studente i druge) i objaviti njihove nau\u010dne i stru\u010dne radove sa ciljem popularizacije nauke i njihove li\u010dne i kolektivne afirmacije. Jedinstven program \u0107e kombinirati prezentacije najnovijih stru\u010dnih i nau\u010dnih dostignu\u0107a u ovim podru\u010djima, interaktivne diskusije i druge oblike me\u0111usobne razmjene iskustava.<\/p>\n<p style=\"text-align: justify;\">Sve neophodne informacije,\u00a0 uputstva, kao i registracijski obrazac mo\u017eete preuzeti sa sljede\u0107ih linkova:<\/p>\n<p style=\"text-align: justify;\"><strong><a href=\"http:\/\/erf.untz.ba\/web\/wp-content\/uploads\/2018\/04\/POZIV.pdf\">POZIV<\/a> <\/strong><\/p>\n<p style=\"text-align: justify;\"><strong><a href=\"http:\/\/erf.untz.ba\/web\/wp-content\/uploads\/2018\/04\/INVITATION.pdf\">INVITATION<\/a> <\/strong><\/p>\n<p style=\"text-align: justify;\"><strong><a href=\"http:\/\/erf.untz.ba\/web\/wp-content\/uploads\/2018\/04\/OP\u0106A-UPUTSTVA.pdf\">OP\u0106A UPUTSTVA<\/a> <\/strong><\/p>\n<p style=\"text-align: justify;\"><strong><a href=\"http:\/\/erf.untz.ba\/web\/wp-content\/uploads\/2018\/04\/GENERAL-INSTRUCTION.pdf\">GENERAL INSTRUCTION<\/a><\/strong><\/p>\n<p style=\"text-align: justify;\"><strong><a href=\"http:\/\/erf.untz.ba\/web\/wp-content\/uploads\/2018\/04\/Instructions-for-authors-BHS-and-English.docx\">Instructions-for-authors-BHS-and-English<\/a><\/strong><\/p>\n<p style=\"text-align: justify;\"><strong><a href=\"http:\/\/erf.untz.ba\/web\/wp-content\/uploads\/2018\/03\/Registration-form.doc\">Registration-form<\/a><\/strong><\/p>\n","protected":false},"excerpt":{"rendered":"<p>Edukacijsko-rehabilitacijski fakultet Univerziteta u Tuzli i Udru\u017eenje za ljudska prava i socijalnu inkluziju \u201cSoci\u201d Tuzla u saradnji sa Ludwig-Maximilians-Universit\u00e4t M\u00fcnchen (Njema\u010dka), Univerzitetsko-klini\u010dkim centrom Tuzla, Medicinskim fakultetom Univerziteta u Tuzli i Svjetskim univerzitetskim servisom Bosne i Hercegovine organizuju I Me\u0111unarodnu nau\u010dno-stru\u010dnu konferenciju \u201cOdr\u017eivi servisi podr\u0161ke-perspektive i izazovi\u201d\u00a0koja \u0107e se odr\u017eati 26.-28.9. 2018 godine u Tuzli, BiH. Cilj konferencije <a href=\"http:\/\/erf.untz.ba\/web\/i-medunarodna-naucno-strucna-konferencija-odrzivi-servisi-podrske-perspektive-i-izazovi-u-bih-drustvu-sustain-2018\/\" class=\"read-more\">Vi\u0161e&#8230;<\/a><\/p>\n","protected":false},"author":2,"featured_media":0,"comment_status":"open","ping_status":"open","sticky":false,"template":"","format":"standard","meta":[],"categories":[9,5,6,7,8,4,10],"tags":[],"_links":{"self":[{"href":"http:\/\/erf.untz.ba\/web\/wp-json\/wp\/v2\/posts\/668"}],"collection":[{"href":"http:\/\/erf.untz.ba\/web\/wp-json\/wp\/v2\/posts"}],"about":[{"href":"http:\/\/erf.untz.ba\/web\/wp-json\/wp\/v2\/types\/post"}],"author":[{"embeddable":true,"href":"http:\/\/erf.untz.ba\/web\/wp-json\/wp\/v2\/users\/2"}],"replies":[{"embeddable":true,"href":"http:\/\/erf.untz.ba\/web\/wp-json\/wp\/v2\/comments?post=668"}],"version-history":[{"count":0,"href":"http:\/\/erf.untz.ba\/web\/wp-json\/wp\/v2\/posts\/668\/revisions"}],"wp:attachment":[{"href":"http:\/\/erf.untz.ba\/web\/wp-json\/wp\/v2\/media?parent=668"}],"wp:term":[{"taxonomy":"category","embeddable":true,"href":"http:\/\/erf.untz.ba\/web\/wp-json\/wp\/v2\/categories?post=668"},{"taxonomy":"post_tag","embeddable":true,"href":"http:\/\/erf.untz.ba\/web\/wp-json\/wp\/v2\/tags?post=668"}],"curies":[{"name":"wp","href":"https:\/\/api.w.org\/{rel}","templated":true}]}}