{"id":707,"date":"2018-03-31T16:40:08","date_gmt":"2018-03-31T16:40:08","guid":{"rendered":"http:\/\/erf.untz.ba\/web\/?p=707"},"modified":"2018-03-31T16:45:14","modified_gmt":"2018-03-31T16:45:14","slug":"poziv-na-obiljezavanja-svjetskog-dana-osoba-sa-autizmom","status":"publish","type":"post","link":"http:\/\/erf.untz.ba\/web\/poziv-na-obiljezavanja-svjetskog-dana-osoba-sa-autizmom\/","title":{"rendered":"Poziv na obilje\u017eavanja Svjetskog dana osoba sa autizmom"},"content":{"rendered":"<p style=\"text-align: justify;\">Studenti prve godine Edukacijsko-rehabilitacijskog fakulteta Univerziteta u Tuzli u sklopu predmeta \u201eVolonterizam\u201c i u saradnji s Udru\u017eenjem za ljudska prava i socijalnu inkluziju \u201eSOCI\u201c iz Tuzle organizuju aktivnosti povodom <strong>obilje\u017eavanja Svjetskog dana osoba s autizmom<\/strong>. Aktivnosti \u0107e biti realizovane <strong>02.04.2018. sa po\u010detkom u 12:00h<\/strong> na korzu kod kipova Me\u0161e Selimovi\u0107a i Ismeta Mujezinovi\u0107a.<br \/>\nBrojne su aktivnosti koje studenti realizuju u povodu obilje\u017eavanja 2. aprila, a to su izme\u0111u ostalog izlo\u017ebe radova i dijeljenje balona i mafina. Ovogodi\u0161nje oblije\u017eavanje 2.aprila od strane Ujedinjenih naroda fokusirat \u0107e se na va\u017enost osna\u017eivanja \u017eena i djevojaka sa autizmom, te njihovo uklju\u010divanje u politiku i odlu\u010divanje.<br \/>\n<strong>Ovogodi\u0161nje aktivnosti u povodu 2. aprila su u sklopu obilje\u017eavanja 25. godina Edukacijsko-rehabilitacijskog fakulteta Univerziteta u Tuzli.<\/strong><\/p>\n","protected":false},"excerpt":{"rendered":"<p>Studenti prve godine Edukacijsko-rehabilitacijskog fakulteta Univerziteta u Tuzli u sklopu predmeta \u201eVolonterizam\u201c i u saradnji s Udru\u017eenjem za ljudska prava i socijalnu inkluziju \u201eSOCI\u201c iz Tuzle organizuju aktivnosti povodom obilje\u017eavanja Svjetskog dana osoba s autizmom. Aktivnosti \u0107e biti realizovane 02.04.2018. sa po\u010detkom u 12:00h na korzu kod kipova Me\u0161e Selimovi\u0107a i Ismeta Mujezinovi\u0107a. Brojne su aktivnosti koje <a href=\"http:\/\/erf.untz.ba\/web\/poziv-na-obiljezavanja-svjetskog-dana-osoba-sa-autizmom\/\" class=\"read-more\">Vi\u0161e&#8230;<\/a><\/p>\n","protected":false},"author":2,"featured_media":0,"comment_status":"open","ping_status":"open","sticky":false,"template":"","format":"standard","meta":[],"categories":[4],"tags":[],"_links":{"self":[{"href":"http:\/\/erf.untz.ba\/web\/wp-json\/wp\/v2\/posts\/707"}],"collection":[{"href":"http:\/\/erf.untz.ba\/web\/wp-json\/wp\/v2\/posts"}],"about":[{"href":"http:\/\/erf.untz.ba\/web\/wp-json\/wp\/v2\/types\/post"}],"author":[{"embeddable":true,"href":"http:\/\/erf.untz.ba\/web\/wp-json\/wp\/v2\/users\/2"}],"replies":[{"embeddable":true,"href":"http:\/\/erf.untz.ba\/web\/wp-json\/wp\/v2\/comments?post=707"}],"version-history":[{"count":0,"href":"http:\/\/erf.untz.ba\/web\/wp-json\/wp\/v2\/posts\/707\/revisions"}],"wp:attachment":[{"href":"http:\/\/erf.untz.ba\/web\/wp-json\/wp\/v2\/media?parent=707"}],"wp:term":[{"taxonomy":"category","embeddable":true,"href":"http:\/\/erf.untz.ba\/web\/wp-json\/wp\/v2\/categories?post=707"},{"taxonomy":"post_tag","embeddable":true,"href":"http:\/\/erf.untz.ba\/web\/wp-json\/wp\/v2\/tags?post=707"}],"curies":[{"name":"wp","href":"https:\/\/api.w.org\/{rel}","templated":true}]}}